{"id":21148,"date":"2021-09-01T11:07:27","date_gmt":"2021-09-01T09:07:27","guid":{"rendered":"https:\/\/www.ce-illkirch.fr\/wordpress\/?p=21148"},"modified":"2021-09-01T11:06:22","modified_gmt":"2021-09-01T09:06:22","slug":"collecte","status":"publish","type":"post","link":"https:\/\/www.ce-illkirch.fr\/wordpress\/2021\/09\/petites-annonces\/collecte\/","title":{"rendered":"Collecte lunettes de soleil"},"content":{"rendered":"<p>Nous avons souvent d\u2019anciennes lunettes de soleil qui ne nous servent plus, au fond d\u2019un tiroir \u00e0 la maison\u2026<\/p>\n<ul>\n<li>L\u2019association \u00ab\u00a0La chaine d\u2019union Sawabi\u00a0\u00bb se propose de les apporter aux enfants du Lac Assal \u00e0 Djibouti.L\u2019op\u00e9ration est tjs pr\u00e9vue par un ami, m\u00eame si elle a \u00e9t\u00e9 report\u00e9e \u00e0 cause de la crise sanitaire mondiale.<\/li>\n<li><a href=\"https:\/\/www.facebook.com\/Des-lunettes-pour-Djibouti-101137531437334\/\">https:\/\/www.facebook.com\/Des-lunettes-pour-Djibouti-101137531437334\/<\/a><\/li>\n<\/ul>\n<p>Si vous souhaitez les aider, merci de d\u00e9poser vos anciennes lunettes de soleil (toutes tailles et \u00e9tats), dans mon bureau <strong>B112<\/strong> (niveau rue, \u00e0 droite au fond en entrant) ou dans le bac devant le CSE.<\/p>\n<p>+ d&rsquo;infos <strong>Jean-Marc Burgart<\/strong><\/p>\n<p>&nbsp;<\/p>\n","protected":false},"excerpt":{"rendered":"<p>Nous avons souvent d\u2019anciennes lunettes de soleil qui ne nous servent plus, au fond d\u2019un tiroir \u00e0 la maison\u2026 L\u2019association \u00ab\u00a0La chaine d\u2019union Sawabi\u00a0\u00bb se propose de les apporter aux [&hellip;]<\/p>\n","protected":false},"author":2,"featured_media":26892,"comment_status":"open","ping_status":"closed","sticky":false,"template":"","format":"standard","meta":{"footnotes":""},"categories":[22,23],"tags":[],"class_list":["post-21148","post","type-post","status-publish","format-standard","has-post-thumbnail","hentry","category-petites-annonces","category-prestataires-de-services"],"publishpress_future_action":{"enabled":false,"date":"2026-05-09 13:09:05","action":"category","newStatus":"draft","terms":[],"taxonomy":"category","extraData":[]},"publishpress_future_workflow_manual_trigger":{"enabledWorkflows":[]},"_links":{"self":[{"href":"https:\/\/www.ce-illkirch.fr\/wordpress\/wp-json\/wp\/v2\/posts\/21148","targetHints":{"allow":["GET"]}}],"collection":[{"href":"https:\/\/www.ce-illkirch.fr\/wordpress\/wp-json\/wp\/v2\/posts"}],"about":[{"href":"https:\/\/www.ce-illkirch.fr\/wordpress\/wp-json\/wp\/v2\/types\/post"}],"author":[{"embeddable":true,"href":"https:\/\/www.ce-illkirch.fr\/wordpress\/wp-json\/wp\/v2\/users\/2"}],"replies":[{"embeddable":true,"href":"https:\/\/www.ce-illkirch.fr\/wordpress\/wp-json\/wp\/v2\/comments?post=21148"}],"version-history":[{"count":4,"href":"https:\/\/www.ce-illkirch.fr\/wordpress\/wp-json\/wp\/v2\/posts\/21148\/revisions"}],"predecessor-version":[{"id":29047,"href":"https:\/\/www.ce-illkirch.fr\/wordpress\/wp-json\/wp\/v2\/posts\/21148\/revisions\/29047"}],"wp:featuredmedia":[{"embeddable":true,"href":"https:\/\/www.ce-illkirch.fr\/wordpress\/wp-json\/wp\/v2\/media\/26892"}],"wp:attachment":[{"href":"https:\/\/www.ce-illkirch.fr\/wordpress\/wp-json\/wp\/v2\/media?parent=21148"}],"wp:term":[{"taxonomy":"category","embeddable":true,"href":"https:\/\/www.ce-illkirch.fr\/wordpress\/wp-json\/wp\/v2\/categories?post=21148"},{"taxonomy":"post_tag","embeddable":true,"href":"https:\/\/www.ce-illkirch.fr\/wordpress\/wp-json\/wp\/v2\/tags?post=21148"}],"curies":[{"name":"wp","href":"https:\/\/api.w.org\/{rel}","templated":true}]}}