{"id":21195,"date":"2018-07-04T08:09:24","date_gmt":"2018-07-04T07:09:24","guid":{"rendered":"https:\/\/www.ce-illkirch.fr\/wordpress\/?p=21195"},"modified":"2026-04-14T10:43:10","modified_gmt":"2026-04-14T08:43:10","slug":"echecs","status":"publish","type":"post","link":"https:\/\/www.ce-illkirch.fr\/wordpress\/2018\/07\/bibliotheque\/7087\/echecs\/","title":{"rendered":"Tournoi d&rsquo;\u00e9checs inter-entreprise 22\/06"},"content":{"rendered":"<p>Vendredi 22 juin 18h. Alcatel-Lucent Enterprise, Illkirch. <strong>Le premier tournoi d\u2019\u00e9checs inter-entreprises<\/strong> est sur le point de d\u00e9buter. Les participants s\u2019installent et se serrent la main. Puis tout s\u2019acc\u00e9l\u00e8re. Les mains volent au-dessus des \u00e9chiquiers. Les pi\u00e8ces se d\u00e9placent au rythme de la pendule. Tr\u00e8s vite, les premi\u00e8res parties se terminent. Pour d\u2019autres, les coups s\u2019encha\u00eenent de plus en plus vite, jusqu\u2019\u00e0 ce que la pendule, implacable, rende son verdict. Quelques minutes de r\u00e9pit et le prochain tour d\u00e9marre\u2026<\/p>\n<p><a href=\"https:\/\/www.ce-illkirch.fr\/wordpress\/wp-content\/uploads\/podium21.jpg\"><img loading=\"lazy\" decoding=\"async\" class=\"alignleft wp-image-22707\" src=\"https:\/\/www.ce-illkirch.fr\/wordpress\/wp-content\/uploads\/podium21.jpg\" alt=\"podium2\" width=\"226\" height=\"193\" \/><\/a>C\u2019est sur ce rythme endiabl\u00e9 mais dans une ambiance conviviale que s\u2019est d\u00e9roul\u00e9 ce premier tournoi d\u2019\u00e9checs r\u00e9unissant 15 joueurs repr\u00e9sentant 6 entreprises. Quatorze parties plus tard, c\u2019est Lionel HAGELBERGER (Hager) qui l\u2019emporte, suivi par Olivier DESORMES (NSC Global) et Claude WAECKEL (Euro Information). De l\u2019avis g\u00e9n\u00e9ral, un tr\u00e8s bon moment \u00e0 renouveler sans h\u00e9siter, sous ce format ou sous un autre. En effet, outre des tournois en soir\u00e9e, d\u2019autres \u00e9v\u00e8nements pourront \u00eatre organis\u00e9s \u00e0 la rentr\u00e9e\u00a0: tournoi par \u00e9quipe, journ\u00e9es d\u2019initiation\u2026<\/p>\n<p>Merci aux participants, \u00e0 Olivier et Guillaume pour l&rsquo;organisation, et au club d&rsquo;Illkirch CEIG pour le pr\u00eat de mat\u00e9riel.<\/p>\n<p>N\u2019h\u00e9sitez pas \u00e0 contacter <strong>Guillaume Juillot<\/strong> si vous souhaitez \u00eatre inform\u00e9s des prochains \u00e9v\u00e8nements ou rejoindre le club Alcatel.<\/p>\n<p>&nbsp;<\/p>\n","protected":false},"excerpt":{"rendered":"<p>Vendredi 22 juin 18h. Alcatel-Lucent Enterprise, Illkirch. Le premier tournoi d\u2019\u00e9checs inter-entreprises est sur le point de d\u00e9buter. Les participants s\u2019installent et se serrent la main. Puis tout s\u2019acc\u00e9l\u00e8re. Les [&hellip;]<\/p>\n","protected":false},"author":2,"featured_media":23242,"comment_status":"open","ping_status":"closed","sticky":false,"template":"","format":"standard","meta":{"footnotes":""},"categories":[19,29],"tags":[],"class_list":["post-21195","post","type-post","status-publish","format-standard","has-post-thumbnail","hentry","category-19","category-scabsi"],"publishpress_future_action":{"enabled":false,"date":"2026-05-07 23:09:24","action":"category","newStatus":"draft","terms":[],"taxonomy":"category","extraData":[]},"publishpress_future_workflow_manual_trigger":{"enabledWorkflows":[]},"_links":{"self":[{"href":"https:\/\/www.ce-illkirch.fr\/wordpress\/wp-json\/wp\/v2\/posts\/21195","targetHints":{"allow":["GET"]}}],"collection":[{"href":"https:\/\/www.ce-illkirch.fr\/wordpress\/wp-json\/wp\/v2\/posts"}],"about":[{"href":"https:\/\/www.ce-illkirch.fr\/wordpress\/wp-json\/wp\/v2\/types\/post"}],"author":[{"embeddable":true,"href":"https:\/\/www.ce-illkirch.fr\/wordpress\/wp-json\/wp\/v2\/users\/2"}],"replies":[{"embeddable":true,"href":"https:\/\/www.ce-illkirch.fr\/wordpress\/wp-json\/wp\/v2\/comments?post=21195"}],"version-history":[{"count":3,"href":"https:\/\/www.ce-illkirch.fr\/wordpress\/wp-json\/wp\/v2\/posts\/21195\/revisions"}],"predecessor-version":[{"id":39201,"href":"https:\/\/www.ce-illkirch.fr\/wordpress\/wp-json\/wp\/v2\/posts\/21195\/revisions\/39201"}],"wp:featuredmedia":[{"embeddable":true,"href":"https:\/\/www.ce-illkirch.fr\/wordpress\/wp-json\/wp\/v2\/media\/23242"}],"wp:attachment":[{"href":"https:\/\/www.ce-illkirch.fr\/wordpress\/wp-json\/wp\/v2\/media?parent=21195"}],"wp:term":[{"taxonomy":"category","embeddable":true,"href":"https:\/\/www.ce-illkirch.fr\/wordpress\/wp-json\/wp\/v2\/categories?post=21195"},{"taxonomy":"post_tag","embeddable":true,"href":"https:\/\/www.ce-illkirch.fr\/wordpress\/wp-json\/wp\/v2\/tags?post=21195"}],"curies":[{"name":"wp","href":"https:\/\/api.w.org\/{rel}","templated":true}]}}