{"id":21272,"date":"2026-04-27T12:50:04","date_gmt":"2026-04-27T10:50:04","guid":{"rendered":"https:\/\/www.ce-illkirch.fr\/wordpress\/?p=21272"},"modified":"2026-04-27T12:50:28","modified_gmt":"2026-04-27T10:50:28","slug":"places-au-racing-foot","status":"publish","type":"post","link":"https:\/\/www.ce-illkirch.fr\/wordpress\/2026\/04\/loisirs\/places-au-racing-foot\/","title":{"rendered":"RCSA \/ RAYO VALLECANO 30\/04"},"content":{"rendered":"<p><strong>Racing-Rayo Vallecano\u00a0En direct au stade de la Meinau sur Ecran G\u00e9ant<\/strong><\/p>\n<p>Pour le match aller de la demi-finale de l&rsquo;UEFA Conference League face au Rayo Vallecano <strong>le jeudi 30 avril \u00e0 21h<\/strong>, la Meinau vous ouvre ses portes pour une soir\u00e9e <strong>100% Bleu &amp; Blanc avec retransmission sur \u00e9cran g\u00e9ant.<\/strong><\/p>\n<h2>Description<\/h2>\n<h3>&#x1f3df;&#xfe0f;\u00a0<strong>EXP\u00c9RIENCE FAN ZONE : LE MATCH SUR \u00c9CRAN G\u00c9ANT<\/strong><\/h3>\n<p>Vivez le d\u00e9placement du Racing face au\u00a0<strong>Rayo Vallecano<\/strong>\u00a0comme si vous y \u00e9tiez ! Rejoignez la famille Racing \u00e0 la Meinau pour vibrer ensemble devant la retransmission de la rencontre.<\/p>\n<p><strong>Votre billet \u00e0 5 \u20ac TTC comprend une boisson au choix :<\/strong><\/p>\n<ol>\n<li data-list=\"bullet\">&#x1f964;\u00a0<strong>1 Soft (50 cl)<\/strong><\/li>\n<li data-list=\"bullet\">&#x1f37a;\u00a0<strong>OU 1 Bi\u00e8re (40 cl)<\/strong><\/li>\n<\/ol>\n<p>&#x26a0;&#xfe0f;\u00a0<em>\u00c0 noter : La consigne du gobelet (2 \u20ac) n&rsquo;est pas incluse dans le prix du billet et reste \u00e0 r\u00e9gler directement sur place.<\/em><\/p>\n<p><a href=\"https:\/\/billetterie.rcstrasbourgalsace.fr\/fr\/acheter\/billet-unite-fan-zone-tout-public-diffusion-rayo-vallecano-racing-2025-uyqs8zs0lvfe\/list\">R\u00e9servation<\/a><\/p>\n","protected":false},"excerpt":{"rendered":"<p>Racing-Rayo Vallecano\u00a0En direct au stade de la Meinau sur Ecran G\u00e9ant Pour le match aller de la demi-finale de l&rsquo;UEFA Conference League face au Rayo Vallecano le jeudi 30 avril [&hellip;]<\/p>\n","protected":false},"author":2,"featured_media":39395,"comment_status":"open","ping_status":"closed","sticky":false,"template":"","format":"standard","meta":{"footnotes":""},"categories":[16,18,35],"tags":[],"class_list":["post-21272","post","type-post","status-publish","format-standard","has-post-thumbnail","hentry","category-loisirs","category-loisirs-sorties","category-top_a_la_une"],"publishpress_future_action":{"enabled":false,"date":"2026-05-04 15:57:58","action":"category","newStatus":"draft","terms":[],"taxonomy":"category","extraData":[]},"publishpress_future_workflow_manual_trigger":{"enabledWorkflows":[]},"_links":{"self":[{"href":"https:\/\/www.ce-illkirch.fr\/wordpress\/wp-json\/wp\/v2\/posts\/21272","targetHints":{"allow":["GET"]}}],"collection":[{"href":"https:\/\/www.ce-illkirch.fr\/wordpress\/wp-json\/wp\/v2\/posts"}],"about":[{"href":"https:\/\/www.ce-illkirch.fr\/wordpress\/wp-json\/wp\/v2\/types\/post"}],"author":[{"embeddable":true,"href":"https:\/\/www.ce-illkirch.fr\/wordpress\/wp-json\/wp\/v2\/users\/2"}],"replies":[{"embeddable":true,"href":"https:\/\/www.ce-illkirch.fr\/wordpress\/wp-json\/wp\/v2\/comments?post=21272"}],"version-history":[{"count":11,"href":"https:\/\/www.ce-illkirch.fr\/wordpress\/wp-json\/wp\/v2\/posts\/21272\/revisions"}],"predecessor-version":[{"id":39396,"href":"https:\/\/www.ce-illkirch.fr\/wordpress\/wp-json\/wp\/v2\/posts\/21272\/revisions\/39396"}],"wp:featuredmedia":[{"embeddable":true,"href":"https:\/\/www.ce-illkirch.fr\/wordpress\/wp-json\/wp\/v2\/media\/39395"}],"wp:attachment":[{"href":"https:\/\/www.ce-illkirch.fr\/wordpress\/wp-json\/wp\/v2\/media?parent=21272"}],"wp:term":[{"taxonomy":"category","embeddable":true,"href":"https:\/\/www.ce-illkirch.fr\/wordpress\/wp-json\/wp\/v2\/categories?post=21272"},{"taxonomy":"post_tag","embeddable":true,"href":"https:\/\/www.ce-illkirch.fr\/wordpress\/wp-json\/wp\/v2\/tags?post=21272"}],"curies":[{"name":"wp","href":"https:\/\/api.w.org\/{rel}","templated":true}]}}