{"id":2157,"date":"2010-06-30T12:45:35","date_gmt":"2010-06-30T11:45:35","guid":{"rendered":"http:\/\/www.ce-illkirch.fr\/wordpress\/?p=2157"},"modified":"2010-06-30T12:45:35","modified_gmt":"2010-06-30T11:45:35","slug":"resultats-printemps-et-journee-du-velo","status":"publish","type":"post","link":"https:\/\/www.ce-illkirch.fr\/wordpress\/2010\/06\/transport\/resultats-printemps-et-journee-du-velo\/","title":{"rendered":"R\u00e9sultats Printemps et Journ\u00e9e du V\u00e9lo"},"content":{"rendered":"<p style=\"text-align: center;\"><img loading=\"lazy\" decoding=\"async\" class=\"alignleft\" title=\"velo\" src=\"http:\/\/www.ce-illkirch.fr\/wordpress\/wp-content\/uploads\/velo2-150x101.gif\" alt=\"\" width=\"150\" height=\"101\" \/><span style=\"color: #333399;\"><strong>Printemps et Journ\u00e9e du V\u00e9lo 2010<\/strong><\/span><\/p>\n<p style=\"text-align: center;\"><strong><span style=\"color: #333399;\">Les r\u00e9sultats &#8230;<\/span><br \/>\n<\/strong><\/p>\n<p style=\"text-align: right;\">\n<p style=\"text-align: justify;\"><span style=\"color: #333399;\"><span style=\"font-family: Arial; font-size: x-small;\">Au Printemps du V\u00e9lo, Alcatel-Lucent Illkirch termine<strong> 3e dans sa  cat\u00e9gorie<\/strong> (entreprise de 250 salari\u00e9s et plus), derri\u00e8re la CUS et France  T\u00e9l\u00e9com-Orange qui termine 1e !!!<\/span><\/span><\/p>\n<p style=\"text-align: justify;\" dir=\"ltr\"><span style=\"color: #333399;\"><span style=\"font-family: Arial; font-size: x-small;\">Et lors de la Journ\u00e9e du V\u00e9lo, Alcatel-Lucent d\u00e9croche la <strong>1e place<\/strong> dans  sa cat\u00e9gorie !!!<\/span><\/span><\/p>\n<p><span style=\"color: #333399;\"><span style=\"font-family: Arial; font-size: x-small;\">Un tirage au sort a permis de distribuer les lots gagn\u00e9s: casques, capes anti-pluie, kits de s\u00e9curit\u00e9, \u00e9carteurs de danger, brassards fluo &#8230; Voir la <span style=\"color: #333399;\"><span style=\"text-decoration: underline;\"><a href=\"http:\/\/www.ce-illkirch.fr\/wordpress\/wp-content\/uploads\/Lots.xls\">liste des gagnants<\/a><\/span><\/span>. <\/span><\/span><\/p>\n<div dir=\"ltr\"><span style=\"color: #333399;\">Les lots sont \u00e0 retirer au C.E. aupr\u00e8s de C\u00e9line  Westphal.<\/span><\/div>\n<div dir=\"ltr\"><span style=\"font-family: Tahoma; color: #ff0000; font-size: x-small;\">Horaires permanences : lundi, jeudi, vendredi 12h \u00e0 14h  &#8211; <span style=\"text-decoration: underline;\">mardi 13h-14h<\/span> &#8211; mercredi ferm\u00e9<\/span><\/div>\n<div style=\"text-align: justify;\" dir=\"ltr\">\n<p style=\"text-align: center;\"><span style=\"color: #333399;\"><span style=\"font-family: Arial; font-size: x-small;\">Bravo \u00e0 tous pour votre participation !!!<\/span><\/span><\/p>\n<\/div>\n","protected":false},"excerpt":{"rendered":"<p>Printemps et Journ\u00e9e du V\u00e9lo 2010 Les r\u00e9sultats &#8230; Au Printemps du V\u00e9lo, Alcatel-Lucent Illkirch termine 3e dans sa cat\u00e9gorie (entreprise de 250 salari\u00e9s et plus), derri\u00e8re la CUS et [&hellip;]<\/p>\n","protected":false},"author":1,"featured_media":0,"comment_status":"open","ping_status":"closed","sticky":false,"template":"","format":"standard","meta":{"footnotes":""},"categories":[39],"tags":[],"class_list":["post-2157","post","type-post","status-publish","format-standard","hentry","category-transport"],"publishpress_future_action":{"enabled":false,"date":"2026-05-08 09:14:53","action":"category","newStatus":"draft","terms":[],"taxonomy":"category","extraData":[]},"publishpress_future_workflow_manual_trigger":{"enabledWorkflows":[]},"_links":{"self":[{"href":"https:\/\/www.ce-illkirch.fr\/wordpress\/wp-json\/wp\/v2\/posts\/2157","targetHints":{"allow":["GET"]}}],"collection":[{"href":"https:\/\/www.ce-illkirch.fr\/wordpress\/wp-json\/wp\/v2\/posts"}],"about":[{"href":"https:\/\/www.ce-illkirch.fr\/wordpress\/wp-json\/wp\/v2\/types\/post"}],"author":[{"embeddable":true,"href":"https:\/\/www.ce-illkirch.fr\/wordpress\/wp-json\/wp\/v2\/users\/1"}],"replies":[{"embeddable":true,"href":"https:\/\/www.ce-illkirch.fr\/wordpress\/wp-json\/wp\/v2\/comments?post=2157"}],"version-history":[{"count":0,"href":"https:\/\/www.ce-illkirch.fr\/wordpress\/wp-json\/wp\/v2\/posts\/2157\/revisions"}],"wp:attachment":[{"href":"https:\/\/www.ce-illkirch.fr\/wordpress\/wp-json\/wp\/v2\/media?parent=2157"}],"wp:term":[{"taxonomy":"category","embeddable":true,"href":"https:\/\/www.ce-illkirch.fr\/wordpress\/wp-json\/wp\/v2\/categories?post=2157"},{"taxonomy":"post_tag","embeddable":true,"href":"https:\/\/www.ce-illkirch.fr\/wordpress\/wp-json\/wp\/v2\/tags?post=2157"}],"curies":[{"name":"wp","href":"https:\/\/api.w.org\/{rel}","templated":true}]}}