{"id":21639,"date":"2018-02-06T09:08:47","date_gmt":"2018-02-06T08:08:47","guid":{"rendered":"https:\/\/www.ce-illkirch.fr\/wordpress\/?p=21639"},"modified":"2018-02-06T09:08:47","modified_gmt":"2018-02-06T08:08:47","slug":"plan-mobilite-questionnaire-optimix","status":"publish","type":"post","link":"https:\/\/www.ce-illkirch.fr\/wordpress\/2018\/02\/transport\/plan-mobilite-questionnaire-optimix\/","title":{"rendered":"Avez-vous r\u00e9pondu au questionnaire OPTIMIX ?"},"content":{"rendered":"<p><a href=\"https:\/\/www.ce-illkirch.fr\/wordpress\/wp-content\/uploads\/logo_optimix.png\"><img loading=\"lazy\" decoding=\"async\" class=\"alignleft size-full wp-image-21640\" alt=\"logo_optimix\" src=\"https:\/\/www.ce-illkirch.fr\/wordpress\/wp-content\/uploads\/logo_optimix.png\" width=\"330\" height=\"90\" \/><\/a>ALE\u00a0 s&rsquo;est engag\u00e9 aux c\u00f4t\u00e9s de l\u2019Eurom\u00e9tropole de Strasbourg dans la d\u00e9marche Optimix qui vise \u00e0 optimiser les d\u00e9placements domicile-travail par une meilleure information sur le mix transport de l\u2019agglom\u00e9ration.<\/p>\n<p>Merci de<strong> r\u00e9pondre <\/strong>avant le 12 f\u00e9vrier<strong> \u00e0 un court questionnaire<\/strong> anonyme sur vos habitudes de d\u00e9placements sur votre trajet domicile-travail. Le lien vous a \u00e9t\u00e9 envoy\u00e9 par courriel de Ch. Hennequin le 26\/01. Objet \u00ab\u00a0Plan Mobilit\u00e9 : questionnaire OPTIMIX\u00a0\u00bb<\/p>\n<p>L\u2019objectif est de pouvoir vous proposer des conseils sur l\u2019offre de transport qui correspond \u00e0 vos attentes pour am\u00e9liorer votre quotidien.<\/p>\n<p>Et m\u00eame si vous ne pensez covoiturer que de fa\u00e7on tr\u00e8s occasionnelle, <strong>r\u00e9pondez oui \u00e0 la question sur le covoiturage<\/strong> : plus il y a de monde enregistr\u00e9, plus il est facile de constituer des \u00e9quipages de covoiturage. Cela n&rsquo;engage \u00e0 rien pour la suite.<\/p>\n<p>Pour toute question, n&rsquo;h\u00e9sitez pas \u00e0 contacter la DRH du site.<\/p>\n<p>Merci d&rsquo;avance pour votre contribution !<\/p>\n<p>La Commission Transport du CE<\/p>\n","protected":false},"excerpt":{"rendered":"<p>ALE\u00a0 s&rsquo;est engag\u00e9 aux c\u00f4t\u00e9s de l\u2019Eurom\u00e9tropole de Strasbourg dans la d\u00e9marche Optimix qui vise \u00e0 optimiser les d\u00e9placements domicile-travail par une meilleure information sur le mix transport de l\u2019agglom\u00e9ration. [&hellip;]<\/p>\n","protected":false},"author":7,"featured_media":0,"comment_status":"open","ping_status":"closed","sticky":false,"template":"","format":"standard","meta":{"footnotes":""},"categories":[39],"tags":[],"class_list":["post-21639","post","type-post","status-publish","format-standard","hentry","category-transport"],"publishpress_future_action":{"enabled":false,"date":"2026-05-07 15:48:41","action":"category","newStatus":"draft","terms":[],"taxonomy":"category","extraData":[]},"publishpress_future_workflow_manual_trigger":{"enabledWorkflows":[]},"_links":{"self":[{"href":"https:\/\/www.ce-illkirch.fr\/wordpress\/wp-json\/wp\/v2\/posts\/21639","targetHints":{"allow":["GET"]}}],"collection":[{"href":"https:\/\/www.ce-illkirch.fr\/wordpress\/wp-json\/wp\/v2\/posts"}],"about":[{"href":"https:\/\/www.ce-illkirch.fr\/wordpress\/wp-json\/wp\/v2\/types\/post"}],"author":[{"embeddable":true,"href":"https:\/\/www.ce-illkirch.fr\/wordpress\/wp-json\/wp\/v2\/users\/7"}],"replies":[{"embeddable":true,"href":"https:\/\/www.ce-illkirch.fr\/wordpress\/wp-json\/wp\/v2\/comments?post=21639"}],"version-history":[{"count":0,"href":"https:\/\/www.ce-illkirch.fr\/wordpress\/wp-json\/wp\/v2\/posts\/21639\/revisions"}],"wp:attachment":[{"href":"https:\/\/www.ce-illkirch.fr\/wordpress\/wp-json\/wp\/v2\/media?parent=21639"}],"wp:term":[{"taxonomy":"category","embeddable":true,"href":"https:\/\/www.ce-illkirch.fr\/wordpress\/wp-json\/wp\/v2\/categories?post=21639"},{"taxonomy":"post_tag","embeddable":true,"href":"https:\/\/www.ce-illkirch.fr\/wordpress\/wp-json\/wp\/v2\/tags?post=21639"}],"curies":[{"name":"wp","href":"https:\/\/api.w.org\/{rel}","templated":true}]}}