{"id":21669,"date":"2019-01-31T09:29:44","date_gmt":"2019-01-31T08:29:44","guid":{"rendered":"https:\/\/www.ce-illkirch.fr\/wordpress\/?p=21669"},"modified":"2023-07-06T13:12:32","modified_gmt":"2023-07-06T11:12:32","slug":"troc-graines-a-erstein","status":"publish","type":"post","link":"https:\/\/www.ce-illkirch.fr\/wordpress\/2019\/01\/ecologie\/troc-graines-a-erstein\/","title":{"rendered":"Troc graines \u00e0 Erstein dimanche"},"content":{"rendered":"<p>Les Eco-citoyens d\u2019Erstein et CanopTerre organisent un Troc Graines au Lyc\u00e9e Agricole d\u2019Erstein\u00a0 le <strong>dimanche 3 f\u00e9vrier 2018 de 9h \u00e0 12h<\/strong>.<\/p>\n<p>Les \u00e9changes se font de gr\u00e9 \u00e0 gr\u00e9 ou \u00e0 l\u2019aide de la monnaie \u00e9ph\u00e9m\u00e8re du jour. On peut participer m\u00eame si l\u2019on a rien \u00e0 \u00e9changer.<br \/>\nTable ronde sur les sols \u00ab\u00a0<strong>Sols fertiles, vies secr\u00e8tes\u00a0\u00bb<\/strong>.<\/p>\n<p>Ap\u00e9ro partag\u00e9 sur place \u00e0 l&rsquo;issue.<\/p>\n<p><a href=\"http:\/\/www.ecocitoyens-erstein.fr\/\">http:\/\/www.ecocitoyens-erstein.fr\/<\/a><\/p>\n<p><a title=\"CanopTerre\" href=\"https:\/\/canopterre.fr\/\" target=\"_blank\" rel=\"noopener\">http:\/\/canopterre.fr<\/a><\/p>\n<p>&nbsp;<\/p>\n<p>&nbsp;<\/p>\n","protected":false},"excerpt":{"rendered":"<p>Les Eco-citoyens d\u2019Erstein et CanopTerre organisent un Troc Graines au Lyc\u00e9e Agricole d\u2019Erstein\u00a0 le dimanche 3 f\u00e9vrier 2018 de 9h \u00e0 12h. Les \u00e9changes se font de gr\u00e9 \u00e0 gr\u00e9 [&hellip;]<\/p>\n","protected":false},"author":7,"featured_media":24521,"comment_status":"open","ping_status":"closed","sticky":false,"template":"","format":"standard","meta":{"footnotes":""},"categories":[10,22],"tags":[],"class_list":["post-21669","post","type-post","status-publish","format-standard","has-post-thumbnail","hentry","category-ecologie","category-petites-annonces"],"publishpress_future_action":{"enabled":false,"date":"2026-05-07 17:20:39","action":"category","newStatus":"draft","terms":[],"taxonomy":"category","extraData":[]},"publishpress_future_workflow_manual_trigger":{"enabledWorkflows":[]},"_links":{"self":[{"href":"https:\/\/www.ce-illkirch.fr\/wordpress\/wp-json\/wp\/v2\/posts\/21669","targetHints":{"allow":["GET"]}}],"collection":[{"href":"https:\/\/www.ce-illkirch.fr\/wordpress\/wp-json\/wp\/v2\/posts"}],"about":[{"href":"https:\/\/www.ce-illkirch.fr\/wordpress\/wp-json\/wp\/v2\/types\/post"}],"author":[{"embeddable":true,"href":"https:\/\/www.ce-illkirch.fr\/wordpress\/wp-json\/wp\/v2\/users\/7"}],"replies":[{"embeddable":true,"href":"https:\/\/www.ce-illkirch.fr\/wordpress\/wp-json\/wp\/v2\/comments?post=21669"}],"version-history":[{"count":4,"href":"https:\/\/www.ce-illkirch.fr\/wordpress\/wp-json\/wp\/v2\/posts\/21669\/revisions"}],"predecessor-version":[{"id":32897,"href":"https:\/\/www.ce-illkirch.fr\/wordpress\/wp-json\/wp\/v2\/posts\/21669\/revisions\/32897"}],"wp:featuredmedia":[{"embeddable":true,"href":"https:\/\/www.ce-illkirch.fr\/wordpress\/wp-json\/wp\/v2\/media\/24521"}],"wp:attachment":[{"href":"https:\/\/www.ce-illkirch.fr\/wordpress\/wp-json\/wp\/v2\/media?parent=21669"}],"wp:term":[{"taxonomy":"category","embeddable":true,"href":"https:\/\/www.ce-illkirch.fr\/wordpress\/wp-json\/wp\/v2\/categories?post=21669"},{"taxonomy":"post_tag","embeddable":true,"href":"https:\/\/www.ce-illkirch.fr\/wordpress\/wp-json\/wp\/v2\/tags?post=21669"}],"curies":[{"name":"wp","href":"https:\/\/api.w.org\/{rel}","templated":true}]}}