{"id":21676,"date":"2018-02-04T21:25:00","date_gmt":"2018-02-04T20:25:00","guid":{"rendered":"https:\/\/www.ce-illkirch.fr\/wordpress\/?p=21676"},"modified":"2018-02-04T21:25:00","modified_gmt":"2018-02-04T20:25:00","slug":"halte-a-lobsolescence-programmee-des-iphone","status":"publish","type":"post","link":"https:\/\/www.ce-illkirch.fr\/wordpress\/2018\/02\/ecologie\/halte-a-lobsolescence-programmee-des-iphone\/","title":{"rendered":"Halte \u00e0 l&rsquo;obsolescence programm\u00e9e des iPhone"},"content":{"rendered":"<p><a href=\"https:\/\/www.ce-illkirch.fr\/wordpress\/wp-content\/uploads\/iPhoneLoading.png\"><img loading=\"lazy\" decoding=\"async\" class=\"alignleft size-full wp-image-21677\" alt=\"iPhoneLoading\" src=\"https:\/\/www.ce-illkirch.fr\/wordpress\/wp-content\/uploads\/iPhoneLoading.png\" width=\"116\" height=\"215\" \/><\/a>Suite \u00e0 la <a href=\"http:\/\/vthz.mjt.lu\/lnk\/AEoAALRjyvIAAAgZvMEAAAZoRv4AAAABFgMAAG4lAAbOhABaazTz4APQXkO5TaCrrn7CHYZBrAAGgus\/6\/0I66gvj85K3QcxLxyK2sIw\/aHR0cHM6Ly9mci5zY3JpYmQuY29tL2RvY3VtZW50LzM2Nzk1OTQ5NC9QbGFpbnRlLUFwcGxlLW9ic29sZXNjZW5jZS1wcm9ncmFtbWUtZS0yNy0xMi0xNw\" target=\"_blank\">plainte<\/a> d\u00e9pos\u00e9e par HOP le 27 d\u00e9cembre contre Apple cons\u00e9cutivement \u00e0 l&rsquo;aveu du groupe qui avait <a title=\"Article Le Point\" href=\"http:\/\/www.lepoint.fr\/high-tech-internet\/apple-reconnait-brider-ses-vieux-iphone-21-12-2017-2181823_47.php\" target=\"_blank\">admis ralentir volontairement ses anciens mod\u00e8les de smartphones<\/a>, le parquet de Paris a ouvert une enqu\u00eate pr\u00e9liminaire le 5 janvier pour obsolescence programm\u00e9e et tromperie.<\/p>\n<p>De nombreux m\u00e9dias ont relay\u00e9 l&rsquo;information (<a title=\"Article Le Point\" href=\"http:\/\/vthz.mjt.lu\/lnk\/AEoAALRjyvIAAAgZvMEAAAZoRv4AAAABFgMAAG4lAAbOhABaazTz4APQXkO5TaCrrn7CHYZBrAAGgus\/9\/jYy-lqIiOIN9uL7ULm3OOw\/aHR0cDovL3d3dy5sZXBvaW50LmZyL2p1c3RpY2UvaXBob25lLWJyaWRlcy1hcHBsZS12aXNlZS1wYXItdW5lLWVucXVldGUtcG91ci1vYnNvbGVzY2VuY2UtcHJvZ3JhbW1lZS0wOC0wMS0yMDE4LTIxODQ5MTdfMjM4Ni5waHA\" target=\"_blank\">Le Point<\/a>, <a title=\"Article LCI\" href=\"https:\/\/www.lci.fr\/justice\/iphone-volontairement-ralentis-une-plainte-deposee-en-france-contre-apple-pour-obsolescence-programmee-et-tromperie-2074511.html\" target=\"_blank\">LCI<\/a>, <a title=\"France Inter\" href=\"https:\/\/www.youtube.com\/watch?v=QzoJzVIS_rQ\" target=\"_blank\">France Inter<\/a>, &#8230;)<\/p>\n<p><strong>Vous poss\u00e9dez un Iphone, vous rencontrez des probl\u00e8mes?<\/strong> <a title=\"T\u00e9moignage iPhone\" href=\"http:\/\/vthz.mjt.lu\/lnk\/AEoAALRjyvIAAAgZvMEAAAZoRv4AAAABFgMAAG4lAAbOhABaazTz4APQXkO5TaCrrn7CHYZBrAAGgus\/16\/BhNyoeQcnqAZyffVM1ZQlg\/aHR0cHM6Ly9kb2NzLmdvb2dsZS5jb20vZm9ybXMvZC9lLzFGQUlwUUxTZmFnNk9jcVVrWWNNMDdUYXkyYlNSNTRLUTFpXy04ZlZoWk9RMG1hMUlXUmtZRy1BL3ZpZXdmb3Jt\" target=\"_blank\">T\u00e9moignez !<\/a><br \/>\nVous \u00eates d\u00e9j\u00e0 tr\u00e8s nombreux \u00e0 l&rsquo;avoir fait. Votre aide et vos t\u00e9moignages sont pr\u00e9cieux pour d\u00e9montrer que la pratique de l\u2019obsolescence programm\u00e9e touche directement les citoyens, et que nous sommes nombreux \u00e0 souhaiter une consommation et une production plus responsables.<\/p>\n<p><a title=\"HOP\" href=\"https:\/\/www.halteobsolescence.org\/\" target=\"_blank\">https:\/\/www.halteobsolescence.org\/<\/p>\n<p><\/a><\/p>\n","protected":false},"excerpt":{"rendered":"<p>Suite \u00e0 la plainte d\u00e9pos\u00e9e par HOP le 27 d\u00e9cembre contre Apple cons\u00e9cutivement \u00e0 l&rsquo;aveu du groupe qui avait admis ralentir volontairement ses anciens mod\u00e8les de smartphones, le parquet de [&hellip;]<\/p>\n","protected":false},"author":7,"featured_media":0,"comment_status":"open","ping_status":"closed","sticky":false,"template":"","format":"standard","meta":{"footnotes":""},"categories":[10],"tags":[],"class_list":["post-21676","post","type-post","status-publish","format-standard","hentry","category-ecologie"],"publishpress_future_action":{"enabled":false,"date":"2026-05-07 22:46:14","action":"category","newStatus":"draft","terms":[],"taxonomy":"category","extraData":[]},"publishpress_future_workflow_manual_trigger":{"enabledWorkflows":[]},"_links":{"self":[{"href":"https:\/\/www.ce-illkirch.fr\/wordpress\/wp-json\/wp\/v2\/posts\/21676","targetHints":{"allow":["GET"]}}],"collection":[{"href":"https:\/\/www.ce-illkirch.fr\/wordpress\/wp-json\/wp\/v2\/posts"}],"about":[{"href":"https:\/\/www.ce-illkirch.fr\/wordpress\/wp-json\/wp\/v2\/types\/post"}],"author":[{"embeddable":true,"href":"https:\/\/www.ce-illkirch.fr\/wordpress\/wp-json\/wp\/v2\/users\/7"}],"replies":[{"embeddable":true,"href":"https:\/\/www.ce-illkirch.fr\/wordpress\/wp-json\/wp\/v2\/comments?post=21676"}],"version-history":[{"count":0,"href":"https:\/\/www.ce-illkirch.fr\/wordpress\/wp-json\/wp\/v2\/posts\/21676\/revisions"}],"wp:attachment":[{"href":"https:\/\/www.ce-illkirch.fr\/wordpress\/wp-json\/wp\/v2\/media?parent=21676"}],"wp:term":[{"taxonomy":"category","embeddable":true,"href":"https:\/\/www.ce-illkirch.fr\/wordpress\/wp-json\/wp\/v2\/categories?post=21676"},{"taxonomy":"post_tag","embeddable":true,"href":"https:\/\/www.ce-illkirch.fr\/wordpress\/wp-json\/wp\/v2\/tags?post=21676"}],"curies":[{"name":"wp","href":"https:\/\/api.w.org\/{rel}","templated":true}]}}