{"id":21844,"date":"2018-03-19T08:50:45","date_gmt":"2018-03-19T07:50:45","guid":{"rendered":"https:\/\/www.ce-illkirch.fr\/wordpress\/?p=21844"},"modified":"2018-03-19T08:50:45","modified_gmt":"2018-03-19T07:50:45","slug":"asali-commandes-tenues","status":"publish","type":"post","link":"https:\/\/www.ce-illkirch.fr\/wordpress\/2018\/03\/scabsi\/asali-commandes-tenues\/","title":{"rendered":"ASALI : prolongation commandes tenues"},"content":{"rendered":"<p><a href=\"https:\/\/www.ce-illkirch.fr\/wordpress\/wp-content\/uploads\/ALCATEL-LUCENT-5-BIS.png\"><img loading=\"lazy\" decoding=\"async\" class=\"alignleft size-full wp-image-21847\" alt=\"ALCATEL LUCENT #5-BIS\" src=\"https:\/\/www.ce-illkirch.fr\/wordpress\/wp-content\/uploads\/ALCATEL-LUCENT-5-BIS.png\" width=\"375\" height=\"264\" \/><\/a>Faites du sport aux couleurs d&rsquo;ALE ! Commande et essayage au CE <span style=\"text-decoration: underline;\"><strong>avant le 27\/03<\/strong><\/span>.<\/p>\n<p>Tenue cyclisme\/VTT et Triathlon. <a href=\"https:\/\/www.ce-illkirch.fr\/wordpress\/wp-content\/uploads\/ALCATEL-LUCENT-5-BIS.pdf\" target=\"_blank\">Mod\u00e8les<\/a>, tailles disponibles au CE.<\/p>\n<p>Commandes ouvertes \u00e0 tous : 25% de r\u00e9duction pour une tenue par sport par salari\u00e9 <a href=\"https:\/\/www.ce-illkirch.fr\/wordpress\/wp-content\/uploads\/20180208_Affiche.pdf\" target=\"_blank\">Tarifs<\/a><\/p>\n","protected":false},"excerpt":{"rendered":"<p>Faites du sport aux couleurs d&rsquo;ALE ! Commande et essayage au CE avant le 27\/03. Tenue cyclisme\/VTT et Triathlon. Mod\u00e8les, tailles disponibles au CE. Commandes ouvertes \u00e0 tous : 25% [&hellip;]<\/p>\n","protected":false},"author":2,"featured_media":0,"comment_status":"open","ping_status":"closed","sticky":false,"template":"","format":"standard","meta":{"footnotes":""},"categories":[29,30],"tags":[],"class_list":["post-21844","post","type-post","status-publish","format-standard","hentry","category-scabsi","category-scabsi-velo"],"publishpress_future_action":{"enabled":false,"date":"2026-05-07 03:12:13","action":"category","newStatus":"draft","terms":[],"taxonomy":"category","extraData":[]},"publishpress_future_workflow_manual_trigger":{"enabledWorkflows":[]},"_links":{"self":[{"href":"https:\/\/www.ce-illkirch.fr\/wordpress\/wp-json\/wp\/v2\/posts\/21844","targetHints":{"allow":["GET"]}}],"collection":[{"href":"https:\/\/www.ce-illkirch.fr\/wordpress\/wp-json\/wp\/v2\/posts"}],"about":[{"href":"https:\/\/www.ce-illkirch.fr\/wordpress\/wp-json\/wp\/v2\/types\/post"}],"author":[{"embeddable":true,"href":"https:\/\/www.ce-illkirch.fr\/wordpress\/wp-json\/wp\/v2\/users\/2"}],"replies":[{"embeddable":true,"href":"https:\/\/www.ce-illkirch.fr\/wordpress\/wp-json\/wp\/v2\/comments?post=21844"}],"version-history":[{"count":0,"href":"https:\/\/www.ce-illkirch.fr\/wordpress\/wp-json\/wp\/v2\/posts\/21844\/revisions"}],"wp:attachment":[{"href":"https:\/\/www.ce-illkirch.fr\/wordpress\/wp-json\/wp\/v2\/media?parent=21844"}],"wp:term":[{"taxonomy":"category","embeddable":true,"href":"https:\/\/www.ce-illkirch.fr\/wordpress\/wp-json\/wp\/v2\/categories?post=21844"},{"taxonomy":"post_tag","embeddable":true,"href":"https:\/\/www.ce-illkirch.fr\/wordpress\/wp-json\/wp\/v2\/tags?post=21844"}],"curies":[{"name":"wp","href":"https:\/\/api.w.org\/{rel}","templated":true}]}}