{"id":21906,"date":"2018-03-06T14:57:56","date_gmt":"2018-03-06T13:57:56","guid":{"rendered":"https:\/\/www.ce-illkirch.fr\/wordpress\/?p=21906"},"modified":"2018-03-06T14:57:56","modified_gmt":"2018-03-06T13:57:56","slug":"conference-energie-individuelle-1004","status":"publish","type":"post","link":"https:\/\/www.ce-illkirch.fr\/wordpress\/2018\/03\/formation\/conference-energie-individuelle-1004\/","title":{"rendered":"Conf\u00e9rence \u00e9nergie individuelle 10\/04"},"content":{"rendered":"<p><a href=\"https:\/\/www.ce-illkirch.fr\/wordpress\/wp-content\/uploads\/baillet_karine3.jpg\"><img loading=\"lazy\" decoding=\"async\" class=\"alignleft size-full wp-image-21907\" alt=\"baillet_karine3\" src=\"https:\/\/www.ce-illkirch.fr\/wordpress\/wp-content\/uploads\/baillet_karine3.jpg\" width=\"150\" height=\"213\" \/><\/a><strong>Mardi 10 avril \u00e0 9h30<\/strong><\/p>\n<p>L&rsquo;excellence : de l&rsquo;\u00e9nergie individuelle \u00e0 l&rsquo;\u00e9nergie collective pour mener \u00e0 bien chaque changement.<\/p>\n<p>Vous r\u00e9ceptionnerez un e-mail annon\u00e7ant l&rsquo;ouverture des inscriptions le 15\/03. Dispositif RTT Formation. Conf\u00e9rence propos\u00e9e par la DRH.<\/p>\n","protected":false},"excerpt":{"rendered":"<p>Mardi 10 avril \u00e0 9h30 L&rsquo;excellence : de l&rsquo;\u00e9nergie individuelle \u00e0 l&rsquo;\u00e9nergie collective pour mener \u00e0 bien chaque changement. Vous r\u00e9ceptionnerez un e-mail annon\u00e7ant l&rsquo;ouverture des inscriptions le 15\/03. Dispositif [&hellip;]<\/p>\n","protected":false},"author":2,"featured_media":0,"comment_status":"open","ping_status":"closed","sticky":false,"template":"","format":"standard","meta":{"footnotes":""},"categories":[12,32],"tags":[],"class_list":["post-21906","post","type-post","status-publish","format-standard","hentry","category-formation","category-site-ale"],"publishpress_future_action":{"enabled":false,"date":"2026-05-07 06:08:52","action":"category","newStatus":"draft","terms":[],"taxonomy":"category","extraData":[]},"publishpress_future_workflow_manual_trigger":{"enabledWorkflows":[]},"_links":{"self":[{"href":"https:\/\/www.ce-illkirch.fr\/wordpress\/wp-json\/wp\/v2\/posts\/21906","targetHints":{"allow":["GET"]}}],"collection":[{"href":"https:\/\/www.ce-illkirch.fr\/wordpress\/wp-json\/wp\/v2\/posts"}],"about":[{"href":"https:\/\/www.ce-illkirch.fr\/wordpress\/wp-json\/wp\/v2\/types\/post"}],"author":[{"embeddable":true,"href":"https:\/\/www.ce-illkirch.fr\/wordpress\/wp-json\/wp\/v2\/users\/2"}],"replies":[{"embeddable":true,"href":"https:\/\/www.ce-illkirch.fr\/wordpress\/wp-json\/wp\/v2\/comments?post=21906"}],"version-history":[{"count":0,"href":"https:\/\/www.ce-illkirch.fr\/wordpress\/wp-json\/wp\/v2\/posts\/21906\/revisions"}],"wp:attachment":[{"href":"https:\/\/www.ce-illkirch.fr\/wordpress\/wp-json\/wp\/v2\/media?parent=21906"}],"wp:term":[{"taxonomy":"category","embeddable":true,"href":"https:\/\/www.ce-illkirch.fr\/wordpress\/wp-json\/wp\/v2\/categories?post=21906"},{"taxonomy":"post_tag","embeddable":true,"href":"https:\/\/www.ce-illkirch.fr\/wordpress\/wp-json\/wp\/v2\/tags?post=21906"}],"curies":[{"name":"wp","href":"https:\/\/api.w.org\/{rel}","templated":true}]}}