{"id":22002,"date":"2018-03-21T13:13:51","date_gmt":"2018-03-21T12:13:51","guid":{"rendered":"https:\/\/www.ce-illkirch.fr\/wordpress\/?p=22002"},"modified":"2018-03-21T13:13:51","modified_gmt":"2018-03-21T12:13:51","slug":"barometre-des-villes-cyclables-les-resultats","status":"publish","type":"post","link":"https:\/\/www.ce-illkirch.fr\/wordpress\/2018\/03\/ecologie\/barometre-des-villes-cyclables-les-resultats\/","title":{"rendered":"Barom\u00e8tre des villes cyclables: les r\u00e9sultats"},"content":{"rendered":"<p><img loading=\"lazy\" decoding=\"async\" alt=\"Parlons V\u00e9lo\" src=\"https:\/\/static.wixstatic.com\/media\/d56c50_39efe87c7a3d4aa2b26e751db0ac0604~mv2.jpg\/v1\/fill\/w_656,h_195,al_c,q_80,usm_0.66_1.00_0.01\/d56c50_39efe87c7a3d4aa2b26e751db0ac0604~mv2.jpg\" width=\"656\" height=\"195\" \/><\/p>\n<p>Les r\u00e9sultats de l&rsquo;enqu\u00eate \u00ab\u00a0Barom\u00e8tre des villes cyclables\u00a0\u00bb sont d\u00e9sormais disponibles pour les 316 communes \u00e9valu\u00e9es.<\/p>\n<p>Visitez le site <a href=\"https:\/\/www.parlons-velo.fr\" target=\"_blank\">Parlons V\u00e9lo<\/a>\u00a0 pour les d\u00e9couvrir.<\/p>\n<p>Et pour parler de nos villes, <strong>Strasbourg<\/strong> et <strong>Illkirch<\/strong> sont champions de leur cat\u00e9gorie !!!<\/p>\n<p>Donc, plus d&rsquo;excuse pour ne pas prendre le v\u00e9lo \ud83d\ude42<\/p>\n<p>&nbsp;<\/p>\n<p>&nbsp;<\/p>\n","protected":false},"excerpt":{"rendered":"<p>Les r\u00e9sultats de l&rsquo;enqu\u00eate \u00ab\u00a0Barom\u00e8tre des villes cyclables\u00a0\u00bb sont d\u00e9sormais disponibles pour les 316 communes \u00e9valu\u00e9es. Visitez le site Parlons V\u00e9lo\u00a0 pour les d\u00e9couvrir. Et pour parler de nos villes, [&hellip;]<\/p>\n","protected":false},"author":4,"featured_media":0,"comment_status":"open","ping_status":"closed","sticky":false,"template":"","format":"standard","meta":{"footnotes":""},"categories":[10,39],"tags":[],"class_list":["post-22002","post","type-post","status-publish","format-standard","hentry","category-ecologie","category-transport"],"publishpress_future_action":{"enabled":false,"date":"2026-05-07 04:41:10","action":"category","newStatus":"draft","terms":[],"taxonomy":"category","extraData":[]},"publishpress_future_workflow_manual_trigger":{"enabledWorkflows":[]},"_links":{"self":[{"href":"https:\/\/www.ce-illkirch.fr\/wordpress\/wp-json\/wp\/v2\/posts\/22002","targetHints":{"allow":["GET"]}}],"collection":[{"href":"https:\/\/www.ce-illkirch.fr\/wordpress\/wp-json\/wp\/v2\/posts"}],"about":[{"href":"https:\/\/www.ce-illkirch.fr\/wordpress\/wp-json\/wp\/v2\/types\/post"}],"author":[{"embeddable":true,"href":"https:\/\/www.ce-illkirch.fr\/wordpress\/wp-json\/wp\/v2\/users\/4"}],"replies":[{"embeddable":true,"href":"https:\/\/www.ce-illkirch.fr\/wordpress\/wp-json\/wp\/v2\/comments?post=22002"}],"version-history":[{"count":0,"href":"https:\/\/www.ce-illkirch.fr\/wordpress\/wp-json\/wp\/v2\/posts\/22002\/revisions"}],"wp:attachment":[{"href":"https:\/\/www.ce-illkirch.fr\/wordpress\/wp-json\/wp\/v2\/media?parent=22002"}],"wp:term":[{"taxonomy":"category","embeddable":true,"href":"https:\/\/www.ce-illkirch.fr\/wordpress\/wp-json\/wp\/v2\/categories?post=22002"},{"taxonomy":"post_tag","embeddable":true,"href":"https:\/\/www.ce-illkirch.fr\/wordpress\/wp-json\/wp\/v2\/tags?post=22002"}],"curies":[{"name":"wp","href":"https:\/\/api.w.org\/{rel}","templated":true}]}}