{"id":22037,"date":"2025-06-26T11:42:51","date_gmt":"2025-06-26T09:42:51","guid":{"rendered":"https:\/\/www.ce-illkirch.fr\/wordpress\/?p=22037"},"modified":"2026-04-14T11:13:37","modified_gmt":"2026-04-14T09:13:37","slug":"fete-de-la-musique-ale-2306","status":"publish","type":"post","link":"https:\/\/www.ce-illkirch.fr\/wordpress\/2025\/06\/bibliotheque\/fete-de-la-musique-ale-2306\/","title":{"rendered":"F\u00eate de la musique ALE 23\/06"},"content":{"rendered":"<p><strong>quelques <a href=\"https:\/\/drive.openrainbow.com\/s\/wDyPHH8HYgab26y\">vid\u00e9os<\/a> pour les absents ! Attention lien inactif au 01\/07<\/strong><\/p>\n<p><strong>RDV lundi 23\/06 de 12h20 \u00e0 13h30<\/strong> \u00e0 l&rsquo;accueil du site pour \u00e9couter l<em>e groupe Ukul\u00e9l\u00e9<\/em> et la <em>Chorale et &#8230;. <\/em>afin d&rsquo;appeler l&rsquo;\u00e9t\u00e9 apr\u00e8s l&rsquo;hiver !<\/p>\n<p>Vous \u00eates musiciens ? vous \u00eates le bienvenue pour faire une prestation \u00e0 l&rsquo;accueil.<\/p>\n<p>Les concerts seront suivis d&rsquo;un verre rafra\u00eechissant.<\/p>\n<p>&nbsp;<\/p>\n<p>&nbsp;<\/p>\n","protected":false},"excerpt":{"rendered":"<p>quelques vid\u00e9os pour les absents ! Attention lien inactif au 01\/07 RDV lundi 23\/06 de 12h20 \u00e0 13h30 \u00e0 l&rsquo;accueil du site pour \u00e9couter le groupe Ukul\u00e9l\u00e9 et la Chorale [&hellip;]<\/p>\n","protected":false},"author":2,"featured_media":23883,"comment_status":"open","ping_status":"closed","sticky":false,"template":"","format":"standard","meta":{"footnotes":""},"categories":[5,51,16],"tags":[],"class_list":["post-22037","post","type-post","status-publish","format-standard","has-post-thumbnail","hentry","category-bibliotheque","category-groupe-vocal","category-loisirs"],"publishpress_future_action":{"enabled":false,"date":"2026-05-08 06:13:54","action":"category","newStatus":"draft","terms":[],"taxonomy":"category","extraData":[]},"publishpress_future_workflow_manual_trigger":{"enabledWorkflows":[]},"_links":{"self":[{"href":"https:\/\/www.ce-illkirch.fr\/wordpress\/wp-json\/wp\/v2\/posts\/22037","targetHints":{"allow":["GET"]}}],"collection":[{"href":"https:\/\/www.ce-illkirch.fr\/wordpress\/wp-json\/wp\/v2\/posts"}],"about":[{"href":"https:\/\/www.ce-illkirch.fr\/wordpress\/wp-json\/wp\/v2\/types\/post"}],"author":[{"embeddable":true,"href":"https:\/\/www.ce-illkirch.fr\/wordpress\/wp-json\/wp\/v2\/users\/2"}],"replies":[{"embeddable":true,"href":"https:\/\/www.ce-illkirch.fr\/wordpress\/wp-json\/wp\/v2\/comments?post=22037"}],"version-history":[{"count":19,"href":"https:\/\/www.ce-illkirch.fr\/wordpress\/wp-json\/wp\/v2\/posts\/22037\/revisions"}],"predecessor-version":[{"id":37735,"href":"https:\/\/www.ce-illkirch.fr\/wordpress\/wp-json\/wp\/v2\/posts\/22037\/revisions\/37735"}],"wp:featuredmedia":[{"embeddable":true,"href":"https:\/\/www.ce-illkirch.fr\/wordpress\/wp-json\/wp\/v2\/media\/23883"}],"wp:attachment":[{"href":"https:\/\/www.ce-illkirch.fr\/wordpress\/wp-json\/wp\/v2\/media?parent=22037"}],"wp:term":[{"taxonomy":"category","embeddable":true,"href":"https:\/\/www.ce-illkirch.fr\/wordpress\/wp-json\/wp\/v2\/categories?post=22037"},{"taxonomy":"post_tag","embeddable":true,"href":"https:\/\/www.ce-illkirch.fr\/wordpress\/wp-json\/wp\/v2\/tags?post=22037"}],"curies":[{"name":"wp","href":"https:\/\/api.w.org\/{rel}","templated":true}]}}