{"id":22070,"date":"2018-06-25T08:02:17","date_gmt":"2018-06-25T07:02:17","guid":{"rendered":"https:\/\/www.ce-illkirch.fr\/wordpress\/?p=22070"},"modified":"2025-06-18T10:30:44","modified_gmt":"2025-06-18T08:30:44","slug":"nouveaux-programmes-logement","status":"publish","type":"post","link":"https:\/\/www.ce-illkirch.fr\/wordpress\/2018\/06\/logement\/nouveaux-programmes-logement\/","title":{"rendered":"Nouveaux programmes logement"},"content":{"rendered":"<p>Nouveaux programmes \/ logement diffus\u00e9s ce jour par l&rsquo;action logement<\/p>\n<p><a href=\"https:\/\/www.ce-illkirch.fr\/wordpress\/wp-content\/uploads\/logement0618.pdf\" target=\"_blank\">Fichiers<\/a><\/p>\n<p>&nbsp;<\/p>\n<p>LES AVANTAGES DE LA LOCATION-ACCESSION (soumis \u00e0 conditions de ressources)<br \/>\n\u2022Frais de notaire r\u00e9duits<br \/>\n\u2022TVA r\u00e9duite \u00e0 5,5%<br \/>\n\u2022Prix de vente encadr\u00e9<br \/>\n\u2022Exon\u00e9ration de la taxe fonci\u00e8re pendant 15 ans<br \/>\n\u2022Garantie de rachat et de relogement<br \/>\n\u2022Eligible au Pr\u00eat \u00e0 Taux Z\u00e9ro<br \/>\n\u2022Assurance revente<\/p>\n<p>Fadila Faulhaber, Assistante Sociale<br \/>\nService Social Conseil en Entreprises fadila.faulhaber @ ssce.eu<br \/>\nPermanences chez Alcatel : le <strong>mardi de 13h30 \u00e0 17h<\/strong> : 10 et 24 avril \/ 22 mai \/ 12 et 26 juin<\/p>\n","protected":false},"excerpt":{"rendered":"<p>Nouveaux programmes \/ logement diffus\u00e9s ce jour par l&rsquo;action logement Fichiers &nbsp; LES AVANTAGES DE LA LOCATION-ACCESSION (soumis \u00e0 conditions de ressources) \u2022Frais de notaire r\u00e9duits \u2022TVA r\u00e9duite \u00e0 5,5% [&hellip;]<\/p>\n","protected":false},"author":7,"featured_media":0,"comment_status":"open","ping_status":"closed","sticky":false,"template":"","format":"standard","meta":{"footnotes":""},"categories":[15],"tags":[],"class_list":["post-22070","post","type-post","status-publish","format-standard","hentry","category-logement"],"publishpress_future_action":{"enabled":false,"date":"2026-05-07 01:56:21","action":"category","newStatus":"draft","terms":[],"taxonomy":"category","extraData":[]},"publishpress_future_workflow_manual_trigger":{"enabledWorkflows":[]},"_links":{"self":[{"href":"https:\/\/www.ce-illkirch.fr\/wordpress\/wp-json\/wp\/v2\/posts\/22070","targetHints":{"allow":["GET"]}}],"collection":[{"href":"https:\/\/www.ce-illkirch.fr\/wordpress\/wp-json\/wp\/v2\/posts"}],"about":[{"href":"https:\/\/www.ce-illkirch.fr\/wordpress\/wp-json\/wp\/v2\/types\/post"}],"author":[{"embeddable":true,"href":"https:\/\/www.ce-illkirch.fr\/wordpress\/wp-json\/wp\/v2\/users\/7"}],"replies":[{"embeddable":true,"href":"https:\/\/www.ce-illkirch.fr\/wordpress\/wp-json\/wp\/v2\/comments?post=22070"}],"version-history":[{"count":2,"href":"https:\/\/www.ce-illkirch.fr\/wordpress\/wp-json\/wp\/v2\/posts\/22070\/revisions"}],"predecessor-version":[{"id":37580,"href":"https:\/\/www.ce-illkirch.fr\/wordpress\/wp-json\/wp\/v2\/posts\/22070\/revisions\/37580"}],"wp:attachment":[{"href":"https:\/\/www.ce-illkirch.fr\/wordpress\/wp-json\/wp\/v2\/media?parent=22070"}],"wp:term":[{"taxonomy":"category","embeddable":true,"href":"https:\/\/www.ce-illkirch.fr\/wordpress\/wp-json\/wp\/v2\/categories?post=22070"},{"taxonomy":"post_tag","embeddable":true,"href":"https:\/\/www.ce-illkirch.fr\/wordpress\/wp-json\/wp\/v2\/tags?post=22070"}],"curies":[{"name":"wp","href":"https:\/\/api.w.org\/{rel}","templated":true}]}}