{"id":22104,"date":"2025-09-10T15:04:03","date_gmt":"2025-09-10T13:04:03","guid":{"rendered":"https:\/\/www.ce-illkirch.fr\/wordpress\/?p=22104"},"modified":"2025-09-10T15:04:01","modified_gmt":"2025-09-10T13:04:01","slug":"atelier-velo","status":"publish","type":"post","link":"https:\/\/www.ce-illkirch.fr\/wordpress\/2025\/09\/ecologie\/atelier-velo\/","title":{"rendered":"Subvention r\u00e9paration\/r\u00e9vision v\u00e9lo"},"content":{"rendered":"<ul>\n<li><strong>Sur pr\u00e9sentation de facture<\/strong> d&rsquo;un r\u00e9parateur cycles au CSE : 15 \u20ac rembours\u00e9s par le CSE, sur vos r\u00e9visions, r\u00e9parations v\u00e9los<\/li>\n<\/ul>\n<p>Partenaires CSE :<\/p>\n<ul>\n<li><a href=\"http:\/\/www.velosdelill.com\/\">V\u00e9los de l&rsquo;Ill <\/a><\/li>\n<li><a href=\"https:\/\/www.a-bicyclette.eu\/tarifs\">Abicyclette<\/a><\/li>\n<li><a href=\"http:\/\/www.sonnefraud.fr\/\">Atelier Cycles<\/a><\/li>\n<\/ul>\n<p><strong>Le choix du r\u00e9parateur est libre. <\/strong><strong>A d\u00e9poser au CSE avant le 30\/09\/25.<\/strong><\/p>\n<p>L<strong>e CSE prend en charge 15 \u20ac par salari\u00e9.<\/strong><\/p>\n<p>&nbsp;<\/p>\n","protected":false},"excerpt":{"rendered":"<p>Sur pr\u00e9sentation de facture d&rsquo;un r\u00e9parateur cycles au CSE : 15 \u20ac rembours\u00e9s par le CSE, sur vos r\u00e9visions, r\u00e9parations v\u00e9los Partenaires CSE : V\u00e9los de l&rsquo;Ill Abicyclette Atelier Cycles [&hellip;]<\/p>\n","protected":false},"author":2,"featured_media":24865,"comment_status":"open","ping_status":"closed","sticky":false,"template":"","format":"standard","meta":{"footnotes":""},"categories":[10,29,30,35,39],"tags":[],"class_list":["post-22104","post","type-post","status-publish","format-standard","has-post-thumbnail","hentry","category-ecologie","category-scabsi","category-scabsi-velo","category-top_a_la_une","category-transport"],"publishpress_future_action":{"enabled":false,"date":"2026-05-06 23:09:20","action":"category","newStatus":"draft","terms":[],"taxonomy":"category","extraData":[]},"publishpress_future_workflow_manual_trigger":{"enabledWorkflows":[]},"_links":{"self":[{"href":"https:\/\/www.ce-illkirch.fr\/wordpress\/wp-json\/wp\/v2\/posts\/22104","targetHints":{"allow":["GET"]}}],"collection":[{"href":"https:\/\/www.ce-illkirch.fr\/wordpress\/wp-json\/wp\/v2\/posts"}],"about":[{"href":"https:\/\/www.ce-illkirch.fr\/wordpress\/wp-json\/wp\/v2\/types\/post"}],"author":[{"embeddable":true,"href":"https:\/\/www.ce-illkirch.fr\/wordpress\/wp-json\/wp\/v2\/users\/2"}],"replies":[{"embeddable":true,"href":"https:\/\/www.ce-illkirch.fr\/wordpress\/wp-json\/wp\/v2\/comments?post=22104"}],"version-history":[{"count":39,"href":"https:\/\/www.ce-illkirch.fr\/wordpress\/wp-json\/wp\/v2\/posts\/22104\/revisions"}],"predecessor-version":[{"id":37959,"href":"https:\/\/www.ce-illkirch.fr\/wordpress\/wp-json\/wp\/v2\/posts\/22104\/revisions\/37959"}],"wp:featuredmedia":[{"embeddable":true,"href":"https:\/\/www.ce-illkirch.fr\/wordpress\/wp-json\/wp\/v2\/media\/24865"}],"wp:attachment":[{"href":"https:\/\/www.ce-illkirch.fr\/wordpress\/wp-json\/wp\/v2\/media?parent=22104"}],"wp:term":[{"taxonomy":"category","embeddable":true,"href":"https:\/\/www.ce-illkirch.fr\/wordpress\/wp-json\/wp\/v2\/categories?post=22104"},{"taxonomy":"post_tag","embeddable":true,"href":"https:\/\/www.ce-illkirch.fr\/wordpress\/wp-json\/wp\/v2\/tags?post=22104"}],"curies":[{"name":"wp","href":"https:\/\/api.w.org\/{rel}","templated":true}]}}