{"id":22179,"date":"2022-03-15T15:50:15","date_gmt":"2022-03-15T14:50:15","guid":{"rendered":"https:\/\/www.ce-illkirch.fr\/wordpress\/?p=22179"},"modified":"2023-12-21T13:21:00","modified_gmt":"2023-12-21T12:21:00","slug":"asali-tennis","status":"publish","type":"post","link":"https:\/\/www.ce-illkirch.fr\/wordpress\/2022\/03\/scabsi\/asali-tennis\/","title":{"rendered":"Asali Tennis"},"content":{"rendered":"<p>je recherche toujours de nouveaux membres pour la saison de comp\u00e9tition Tennis Entreprise 2022.<\/p>\n<p>les matchs par \u00e9quipes commencent la semaine du 25\/04 et se terminent le 8\/07 au plus tard.<\/p>\n<p>la cl\u00f4ture des inscriptions, c&rsquo;est <strong>vendredi 25\/03<\/strong>.<\/p>\n<p>&nbsp;<\/p>\n<p>quel int\u00e9r\u00eat de faire valider une inscription Tennis Entreprise ?<\/p>\n<p>&#8211; jusqu&rsquo;\u00e0 8 simples et autant de doubles en \u00e9quipe, messieurs, dames et mixte selon nos r\u00e9sultats,<\/p>\n<p>&#8211; qualification pour les championnats individuels TE 67, 3 matchs minimum,<\/p>\n<p>&#8211; acc\u00e8s au TC Eschau les lu-ma-je-ve de 12:00 \u00e0 14:00,<\/p>\n<p>&#8211; les points acquis en Tennis Entreprise sont comptabilis\u00e9s dans le calcul de votre classement.<\/p>\n<p>&nbsp;<\/p>\n<p>quelles conditions pour rejoindre la section ASALI Tennis ?<\/p>\n<p>&#8211; avoir une licence FFT avec mention comp\u00e9tition autoris\u00e9e (certificat m\u00e9dical \u00e0 fournir sinon),<\/p>\n<p>&#8211; \u00eatre salari\u00e9\/retrait\u00e9\/conjoint\/apprenti\/stagiaire le jour de la comp\u00e9tition effective.<\/p>\n<p>&nbsp;<\/p>\n<p>des questions ? contactez-moi directement<\/p>\n<p><a href=\"mailto:gianvero.durly@al-enterprise.com\">gianvero.durly@al-enterprise.com<\/a><\/p>\n<p>Contact\u00a0: Gianvero Durly<\/p>\n<p>+33 3 90677937 (fixe\/mobile)<\/p>\n","protected":false},"excerpt":{"rendered":"<p>je recherche toujours de nouveaux membres pour la saison de comp\u00e9tition Tennis Entreprise 2022. les matchs par \u00e9quipes commencent la semaine du 25\/04 et se terminent le 8\/07 au plus [&hellip;]<\/p>\n","protected":false},"author":2,"featured_media":26623,"comment_status":"open","ping_status":"closed","sticky":false,"template":"","format":"standard","meta":{"footnotes":""},"categories":[29],"tags":[],"class_list":["post-22179","post","type-post","status-publish","format-standard","has-post-thumbnail","hentry","category-scabsi"],"publishpress_future_action":{"enabled":false,"date":"2026-05-07 21:22:12","action":"category","newStatus":"draft","terms":[],"taxonomy":"category","extraData":[]},"publishpress_future_workflow_manual_trigger":{"enabledWorkflows":[]},"_links":{"self":[{"href":"https:\/\/www.ce-illkirch.fr\/wordpress\/wp-json\/wp\/v2\/posts\/22179","targetHints":{"allow":["GET"]}}],"collection":[{"href":"https:\/\/www.ce-illkirch.fr\/wordpress\/wp-json\/wp\/v2\/posts"}],"about":[{"href":"https:\/\/www.ce-illkirch.fr\/wordpress\/wp-json\/wp\/v2\/types\/post"}],"author":[{"embeddable":true,"href":"https:\/\/www.ce-illkirch.fr\/wordpress\/wp-json\/wp\/v2\/users\/2"}],"replies":[{"embeddable":true,"href":"https:\/\/www.ce-illkirch.fr\/wordpress\/wp-json\/wp\/v2\/comments?post=22179"}],"version-history":[{"count":9,"href":"https:\/\/www.ce-illkirch.fr\/wordpress\/wp-json\/wp\/v2\/posts\/22179\/revisions"}],"predecessor-version":[{"id":30014,"href":"https:\/\/www.ce-illkirch.fr\/wordpress\/wp-json\/wp\/v2\/posts\/22179\/revisions\/30014"}],"wp:featuredmedia":[{"embeddable":true,"href":"https:\/\/www.ce-illkirch.fr\/wordpress\/wp-json\/wp\/v2\/media\/26623"}],"wp:attachment":[{"href":"https:\/\/www.ce-illkirch.fr\/wordpress\/wp-json\/wp\/v2\/media?parent=22179"}],"wp:term":[{"taxonomy":"category","embeddable":true,"href":"https:\/\/www.ce-illkirch.fr\/wordpress\/wp-json\/wp\/v2\/categories?post=22179"},{"taxonomy":"post_tag","embeddable":true,"href":"https:\/\/www.ce-illkirch.fr\/wordpress\/wp-json\/wp\/v2\/tags?post=22179"}],"curies":[{"name":"wp","href":"https:\/\/api.w.org\/{rel}","templated":true}]}}