{"id":22212,"date":"2024-06-05T11:00:09","date_gmt":"2024-06-05T09:00:09","guid":{"rendered":"https:\/\/www.ce-illkirch.fr\/wordpress\/?p=22212"},"modified":"2024-06-11T15:20:59","modified_gmt":"2024-06-11T13:20:59","slug":"breves-du-service-social-4","status":"publish","type":"post","link":"https:\/\/www.ce-illkirch.fr\/wordpress\/2024\/06\/logement\/breves-du-service-social-4\/","title":{"rendered":"Br\u00e8ves du Service Social mai 2024"},"content":{"rendered":"<p><span style=\"text-decoration: underline;\">Sommaire des <a href=\"https:\/\/www.ce-illkirch.fr\/wordpress\/wp-content\/uploads\/2018\/04\/Breves-Sociales-SSCE-ALE-Mai-2024.pdf\">Br\u00e8ves Sociales <\/a>mai 2024 :<\/span><\/p>\n<p>Bonne lecture !<\/p>\n<p>Bien cordialement<\/p>\n<p>Clara KOHL<br \/>\nAssistante de service social<br \/>\nService Social Conseil en Entreprises<br \/>\n06 99 50 61 01<br \/>\n<a href=\"http:\/\/www.ssce.eu\">www.ssce.eu<\/a><\/p>\n<p>Contact : Clara Kohl, Assistante Sociale : clara.kohl @ ssce.eu<br \/>\nPermanences chez ALE : le 1er <strong>lundi du mois de 9h \u00e0 12h30 <\/strong>au poste de secours situ\u00e9 \u00e0 c\u00f4t\u00e9 du poste de garde.<\/p>\n<p>&nbsp;<\/p>\n","protected":false},"excerpt":{"rendered":"<p>Sommaire des Br\u00e8ves Sociales mai 2024 : Bonne lecture ! Bien cordialement Clara KOHL Assistante de service social Service Social Conseil en Entreprises 06 99 50 61 01 www.ssce.eu Contact [&hellip;]<\/p>\n","protected":false},"author":7,"featured_media":23769,"comment_status":"open","ping_status":"closed","sticky":false,"template":"","format":"standard","meta":{"footnotes":""},"categories":[15,35],"tags":[],"class_list":["post-22212","post","type-post","status-publish","format-standard","has-post-thumbnail","hentry","category-logement","category-top_a_la_une"],"publishpress_future_action":{"enabled":false,"date":"2026-05-06 21:34:19","action":"category","newStatus":"draft","terms":[],"taxonomy":"category","extraData":[]},"publishpress_future_workflow_manual_trigger":{"enabledWorkflows":[]},"_links":{"self":[{"href":"https:\/\/www.ce-illkirch.fr\/wordpress\/wp-json\/wp\/v2\/posts\/22212","targetHints":{"allow":["GET"]}}],"collection":[{"href":"https:\/\/www.ce-illkirch.fr\/wordpress\/wp-json\/wp\/v2\/posts"}],"about":[{"href":"https:\/\/www.ce-illkirch.fr\/wordpress\/wp-json\/wp\/v2\/types\/post"}],"author":[{"embeddable":true,"href":"https:\/\/www.ce-illkirch.fr\/wordpress\/wp-json\/wp\/v2\/users\/7"}],"replies":[{"embeddable":true,"href":"https:\/\/www.ce-illkirch.fr\/wordpress\/wp-json\/wp\/v2\/comments?post=22212"}],"version-history":[{"count":5,"href":"https:\/\/www.ce-illkirch.fr\/wordpress\/wp-json\/wp\/v2\/posts\/22212\/revisions"}],"predecessor-version":[{"id":35380,"href":"https:\/\/www.ce-illkirch.fr\/wordpress\/wp-json\/wp\/v2\/posts\/22212\/revisions\/35380"}],"wp:featuredmedia":[{"embeddable":true,"href":"https:\/\/www.ce-illkirch.fr\/wordpress\/wp-json\/wp\/v2\/media\/23769"}],"wp:attachment":[{"href":"https:\/\/www.ce-illkirch.fr\/wordpress\/wp-json\/wp\/v2\/media?parent=22212"}],"wp:term":[{"taxonomy":"category","embeddable":true,"href":"https:\/\/www.ce-illkirch.fr\/wordpress\/wp-json\/wp\/v2\/categories?post=22212"},{"taxonomy":"post_tag","embeddable":true,"href":"https:\/\/www.ce-illkirch.fr\/wordpress\/wp-json\/wp\/v2\/tags?post=22212"}],"curies":[{"name":"wp","href":"https:\/\/api.w.org\/{rel}","templated":true}]}}