{"id":22508,"date":"2018-06-07T09:43:20","date_gmt":"2018-06-07T08:43:20","guid":{"rendered":"https:\/\/www.ce-illkirch.fr\/wordpress\/?p=22508"},"modified":"2018-06-07T09:43:20","modified_gmt":"2018-06-07T08:43:20","slug":"amphi-action-logement-mardi-12-juin","status":"publish","type":"post","link":"https:\/\/www.ce-illkirch.fr\/wordpress\/2018\/06\/logement\/amphi-action-logement-mardi-12-juin\/","title":{"rendered":"Amphi Action Logement mardi 12 juin"},"content":{"rendered":"<p><a href=\"https:\/\/www.ce-illkirch.fr\/wordpress\/wp-content\/uploads\/ActionLogement12juin2018.png\"><img loading=\"lazy\" decoding=\"async\" class=\"alignleft size-full wp-image-22509\" alt=\"ActionLogement12juin2018\" src=\"https:\/\/www.ce-illkirch.fr\/wordpress\/wp-content\/uploads\/ActionLogement12juin2018.png\" width=\"229\" height=\"141\" \/><\/a><\/p>\n<p>Une intervention de l&rsquo;action logement est pr\u00e9vue le <a href=\"https:\/\/www.ce-illkirch.fr\/wordpress\/wp-content\/uploads\/action-logement-12-juin-2018-ALE.pdf\">12 juin 2018 \u00e0 13h30 en amphi<\/a>, pour pr\u00e9senter les nouvelles dispositions de l&rsquo;action logement, venez nombreux !<\/p>\n<p>Fadila FAULHABER<br \/>\nAssistante sociale<br \/>\nService Social Conseil en Entreprises<br \/>\n<a href=\"http:\/\/www.ssce.eu\">www.ssce.eu<\/a><\/p>\n","protected":false},"excerpt":{"rendered":"<p>Une intervention de l&rsquo;action logement est pr\u00e9vue le 12 juin 2018 \u00e0 13h30 en amphi, pour pr\u00e9senter les nouvelles dispositions de l&rsquo;action logement, venez nombreux ! Fadila FAULHABER Assistante sociale [&hellip;]<\/p>\n","protected":false},"author":7,"featured_media":0,"comment_status":"open","ping_status":"closed","sticky":false,"template":"","format":"standard","meta":{"footnotes":""},"categories":[15],"tags":[],"class_list":["post-22508","post","type-post","status-publish","format-standard","hentry","category-logement"],"publishpress_future_action":{"enabled":false,"date":"2026-05-07 01:58:54","action":"category","newStatus":"draft","terms":[],"taxonomy":"category","extraData":[]},"publishpress_future_workflow_manual_trigger":{"enabledWorkflows":[]},"_links":{"self":[{"href":"https:\/\/www.ce-illkirch.fr\/wordpress\/wp-json\/wp\/v2\/posts\/22508","targetHints":{"allow":["GET"]}}],"collection":[{"href":"https:\/\/www.ce-illkirch.fr\/wordpress\/wp-json\/wp\/v2\/posts"}],"about":[{"href":"https:\/\/www.ce-illkirch.fr\/wordpress\/wp-json\/wp\/v2\/types\/post"}],"author":[{"embeddable":true,"href":"https:\/\/www.ce-illkirch.fr\/wordpress\/wp-json\/wp\/v2\/users\/7"}],"replies":[{"embeddable":true,"href":"https:\/\/www.ce-illkirch.fr\/wordpress\/wp-json\/wp\/v2\/comments?post=22508"}],"version-history":[{"count":0,"href":"https:\/\/www.ce-illkirch.fr\/wordpress\/wp-json\/wp\/v2\/posts\/22508\/revisions"}],"wp:attachment":[{"href":"https:\/\/www.ce-illkirch.fr\/wordpress\/wp-json\/wp\/v2\/media?parent=22508"}],"wp:term":[{"taxonomy":"category","embeddable":true,"href":"https:\/\/www.ce-illkirch.fr\/wordpress\/wp-json\/wp\/v2\/categories?post=22508"},{"taxonomy":"post_tag","embeddable":true,"href":"https:\/\/www.ce-illkirch.fr\/wordpress\/wp-json\/wp\/v2\/tags?post=22508"}],"curies":[{"name":"wp","href":"https:\/\/api.w.org\/{rel}","templated":true}]}}