{"id":22590,"date":"2018-11-15T08:24:37","date_gmt":"2018-11-15T07:24:37","guid":{"rendered":"https:\/\/www.ce-illkirch.fr\/wordpress\/?p=22590"},"modified":"2023-02-16T16:51:31","modified_gmt":"2023-02-16T15:51:31","slug":"rtt-formationdrh","status":"publish","type":"post","link":"https:\/\/www.ce-illkirch.fr\/wordpress\/2018\/11\/formation\/rtt-formationdrh\/","title":{"rendered":"Formation Auto-coaching 4\/12"},"content":{"rendered":"<p>La Direction vous propose une formation sur l\u2019 \u00ab\u00a0<strong>Auto-coaching\u00a0efficace<\/strong>\u00a0\u00bb\u00a0 le <strong>4 d\u00e9cembre 2018<\/strong> dans le cadre des RTT formations.\u00a0 Il reste 1 place<\/p>\n<p><strong>Intitul\u00e9<\/strong>\u00a0: Auto-coaching\u00a0efficace<\/p>\n<p><strong>Objectif\u00a0<\/strong>: La formation autocoaching efficace permet \u00e0 toute personne qui cherche \u00e0 mettre en place un projet de changement professionnel ou personnel de construire sa bo\u00eete \u00e0 outils du changement de soi, de prendre connaissance de son mode d&#8217;emploi et de s&rsquo;entra\u00eener \u00e0 l&rsquo;utiliser sur son propre cas. Votre programme en 4 \u00e9tapes pour parvenir au changement souhait\u00e9 !<\/p>\n<p><strong>Lien vers le programme<\/strong>\u00a0: https:\/\/www.csp.fr\/formation-developpement-professionnel\/se-connaitre-et-saffirmer\/autocoaching-efficace-0<\/p>\n<p>Inscriptions aupr\u00e8s d&rsquo;Axelle Grosley ou Claire-Lise Gibert.<\/p>\n","protected":false},"excerpt":{"rendered":"<p>La Direction vous propose une formation sur l\u2019 \u00ab\u00a0Auto-coaching\u00a0efficace\u00a0\u00bb\u00a0 le 4 d\u00e9cembre 2018 dans le cadre des RTT formations.\u00a0 Il reste 1 place Intitul\u00e9\u00a0: Auto-coaching\u00a0efficace Objectif\u00a0: La formation autocoaching efficace [&hellip;]<\/p>\n","protected":false},"author":2,"featured_media":24088,"comment_status":"open","ping_status":"closed","sticky":false,"template":"","format":"standard","meta":{"footnotes":""},"categories":[12,32],"tags":[],"class_list":["post-22590","post","type-post","status-publish","format-standard","has-post-thumbnail","hentry","category-formation","category-site-ale"],"publishpress_future_action":{"enabled":false,"date":"2026-05-07 06:01:26","action":"category","newStatus":"draft","terms":[],"taxonomy":"category","extraData":[]},"publishpress_future_workflow_manual_trigger":{"enabledWorkflows":[]},"_links":{"self":[{"href":"https:\/\/www.ce-illkirch.fr\/wordpress\/wp-json\/wp\/v2\/posts\/22590","targetHints":{"allow":["GET"]}}],"collection":[{"href":"https:\/\/www.ce-illkirch.fr\/wordpress\/wp-json\/wp\/v2\/posts"}],"about":[{"href":"https:\/\/www.ce-illkirch.fr\/wordpress\/wp-json\/wp\/v2\/types\/post"}],"author":[{"embeddable":true,"href":"https:\/\/www.ce-illkirch.fr\/wordpress\/wp-json\/wp\/v2\/users\/2"}],"replies":[{"embeddable":true,"href":"https:\/\/www.ce-illkirch.fr\/wordpress\/wp-json\/wp\/v2\/comments?post=22590"}],"version-history":[{"count":5,"href":"https:\/\/www.ce-illkirch.fr\/wordpress\/wp-json\/wp\/v2\/posts\/22590\/revisions"}],"predecessor-version":[{"id":32673,"href":"https:\/\/www.ce-illkirch.fr\/wordpress\/wp-json\/wp\/v2\/posts\/22590\/revisions\/32673"}],"wp:featuredmedia":[{"embeddable":true,"href":"https:\/\/www.ce-illkirch.fr\/wordpress\/wp-json\/wp\/v2\/media\/24088"}],"wp:attachment":[{"href":"https:\/\/www.ce-illkirch.fr\/wordpress\/wp-json\/wp\/v2\/media?parent=22590"}],"wp:term":[{"taxonomy":"category","embeddable":true,"href":"https:\/\/www.ce-illkirch.fr\/wordpress\/wp-json\/wp\/v2\/categories?post=22590"},{"taxonomy":"post_tag","embeddable":true,"href":"https:\/\/www.ce-illkirch.fr\/wordpress\/wp-json\/wp\/v2\/tags?post=22590"}],"curies":[{"name":"wp","href":"https:\/\/api.w.org\/{rel}","templated":true}]}}