{"id":22864,"date":"2018-07-27T10:31:22","date_gmt":"2018-07-27T09:31:22","guid":{"rendered":"https:\/\/www.ce-illkirch.fr\/wordpress\/?p=22864"},"modified":"2018-07-31T14:06:15","modified_gmt":"2018-07-31T12:06:15","slug":"recit-sortie-alpinisme-du-2307","status":"publish","type":"post","link":"https:\/\/www.ce-illkirch.fr\/wordpress\/2018\/07\/scabsi\/recit-sortie-alpinisme-du-2307\/","title":{"rendered":"R\u00e9cit sortie alpinisme du 23\/07"},"content":{"rendered":"<p><a href=\"https:\/\/www.ce-illkirch.fr\/wordpress\/wp-content\/uploads\/18PilierENthe_ClimbingRoute.jpg\"><img loading=\"lazy\" decoding=\"async\" class=\"alignleft wp-image-22868\" src=\"https:\/\/www.ce-illkirch.fr\/wordpress\/wp-content\/uploads\/18PilierENthe_ClimbingRoute.jpg\" alt=\"18PilierENthe_ClimbingRoute\" width=\"305\" height=\"179\" \/><\/a>Lundi 23 juillet, nous avions bon espoir d\u2019avoir un cr\u00e9neau m\u00e9t\u00e9o correct pour r\u00e9aliser l\u2019ascension de l\u2019\u00e9peron nord Est du Pizzo Pr\u00e9vat, sommet Suisse situ\u00e9 dans le canton du Tessin, haut de 2588m. , ce sommet tr\u00e8s connu sous le surnom de \u00ab Matterhorn der Leventina \u00bb.<\/p>\n<p>Une magnifique montagne de gneiss uniquement accessible en escalade, la voie que nous avons choisie est un \u00e9peron tr\u00e8s effil\u00e9 descendant droit du sommet, une voie splendide et vertigineuse sur un rocher exceptionnel, un itin\u00e9raire de 10 longueurs de 50 m\u00e8tres de corde environ, il suit la ligne la plus directe de l\u2019ar\u00eate, soit environ 270 m de hauteur \u00e0 grimper.<\/p>\n<p><a href=\"https:\/\/www.ce-illkirch.fr\/wordpress\/wp-content\/uploads\/180723_084641.jpg\"><img loading=\"lazy\" decoding=\"async\" class=\"alignleft wp-image-22865\" src=\"https:\/\/www.ce-illkirch.fr\/wordpress\/wp-content\/uploads\/180723_084641.jpg\" alt=\"180723_084641\" width=\"354\" height=\"199\" \/><\/a>Partis dimanche, nous passons tous les quatre la nuit sur place en tente, pour attaquer la mont\u00e9e le lendemain \u00e0 7h. La m\u00e9t\u00e9o nous avait annonc\u00e9 un soleil radieux et peu de vent, mais au lieu de \u00e7a le ciel est couvert et le vent souffle assez fort, la temp\u00e9rature est plut\u00f4t fra\u00eeche pour un mois de juillet.<\/p>\n<p>Comme le sommet est d\u00e9gag\u00e9 nous partons dans les premi\u00e8res longueurs, la difficult\u00e9 est moyenne mais fouett\u00e9s par le vent froid on perd vite la sensibilit\u00e9 au bout des doigts, le rocher est froid les prises nous \u00e9chappent.<\/p>\n<p>On sent que \u00e7a va \u00eatre long, on avait pr\u00e9vu des v\u00eatements chauds en cas de coup dur, on enfile tout ce que l\u2019on a, on se sentira vite mieux, les faibles \u00e9claircies arriveront \u00e0 nous r\u00e9chauffer.<\/p>\n<p><a href=\"https:\/\/www.ce-illkirch.fr\/wordpress\/wp-content\/uploads\/180723_100751.jpg\"><img loading=\"lazy\" decoding=\"async\" class=\"alignleft wp-image-22866\" src=\"https:\/\/www.ce-illkirch.fr\/wordpress\/wp-content\/uploads\/180723_100751.jpg\" alt=\"180723_100751\" width=\"316\" height=\"178\" \/><\/a>On progressera assez rapidement jusqu\u2019au milieu de la voie, l\u2019escalade est plut\u00f4t classique, mais \u00e0 partir de l\u00e0 il faudra rejoindre l\u2019ar\u00eate sommitale.<\/p>\n<p>Elle est tr\u00e8s fine et suit une ligne directe vers le sommet. Le passage sur l\u2019ar\u00eate sera le \u00ab pas qui co\u00fbte \u00bb, il faut enjamber deux fines lames de rocher en faisant un grand \u00e9cart entre les deux, un vide prodigieux entre les jambes.<\/p>\n<p>Le reste de l\u2019ascension se fera sur le fil de l\u2019ar\u00eate, tout en dentelle de rocher.<\/p>\n<p>Nous arriverons tous les quatre au sommet vers 13h, le temps de faire une courte pause avant d\u2019attaquer la descente.<\/p>\n<p>La descente est toujours un moment d\u00e9licat, on est fatigu\u00e9s et il ne faut ne pas rel\u00e2cher la pression, pour cette montagne c\u2019est plut\u00f4t un retour assez \u00e9vident, on suit un \u00e9troit sentier, jusqu&rsquo;\u00e0 3 rappels qui nous am\u00e8neront jusqu\u2019\u00e0 la terre ferme.<\/p>\n<p>Quelle magnifique escalade, nous avons vite oubli\u00e9 nos onglets et le vent froid, on avait rarement rencontr\u00e9 une telle vari\u00e9t\u00e9 de rochers diff\u00e9rents sur une montagne, c\u2019est un endroit g\u00e9ologiquement tr\u00e8s riche, on \u00e0 la banane, 8h de bonheur.<\/p>\n<p>Quel int\u00e9r\u00eat de prendre de tels risques ?<\/p>\n<p><a href=\"https:\/\/www.ce-illkirch.fr\/wordpress\/wp-content\/uploads\/180723_135248.jpg\"><img loading=\"lazy\" decoding=\"async\" class=\"alignleft wp-image-22867\" src=\"https:\/\/www.ce-illkirch.fr\/wordpress\/wp-content\/uploads\/180723_135248.jpg\" alt=\"180723_135248\" width=\"249\" height=\"332\" \/><\/a>Oui l\u2019alpinisme est un sport \u00e0 risque ! Non on ne va pas en montagne pour le risque, mais c\u2019est un param\u00e8tre qu\u2019il faut prendre en compte en le g\u00e9rant au mieux, l\u2019exp\u00e9rience, l\u2019entrainement, la raison permettent de progresser en s\u00e9curit\u00e9.<\/p>\n<p>On va en montagne pour vivre l\u2019aventure dans un des seuls espaces encore libres o\u00f9 chacun est responsable de ses choix, pour y vivre une d\u00e9couverte, un petit voyage dans l\u2019inconnu. Le sommet ou l\u2019exploit sportif ne sont finalement pas les buts principaux, la cord\u00e9e est un moment fort o\u00f9 la confiance et le partage sont le ma\u00eetre mot de la r\u00e9ussite. Un travail d\u2019\u00e9quipe qui permet de progresser vite et efficacement. Une cord\u00e9e rapide ne d\u00e9pendra pas que d\u2019un leadeur grimpant toutes les longueurs en t\u00eate, mais d\u2019une cord\u00e9e r\u00e9versible bien plus efficace.<\/p>\n<p>La montagne est une vraie \u00e9cole des valeurs, le bout de corde qui nous attache ensemble y est pour beaucoup, un lien fort qui nous relie.<\/p>\n<p>Fran\u00e7ois Meyer<\/p>\n","protected":false},"excerpt":{"rendered":"<p>Lundi 23 juillet, nous avions bon espoir d\u2019avoir un cr\u00e9neau m\u00e9t\u00e9o correct pour r\u00e9aliser l\u2019ascension de l\u2019\u00e9peron nord Est du Pizzo Pr\u00e9vat, sommet Suisse situ\u00e9 dans le canton du Tessin, [&hellip;]<\/p>\n","protected":false},"author":2,"featured_media":0,"comment_status":"open","ping_status":"closed","sticky":false,"template":"","format":"standard","meta":{"footnotes":""},"categories":[29],"tags":[],"class_list":["post-22864","post","type-post","status-publish","format-standard","hentry","category-scabsi"],"publishpress_future_action":{"enabled":false,"date":"2026-05-08 12:32:23","action":"category","newStatus":"draft","terms":[],"taxonomy":"category","extraData":[]},"publishpress_future_workflow_manual_trigger":{"enabledWorkflows":[]},"_links":{"self":[{"href":"https:\/\/www.ce-illkirch.fr\/wordpress\/wp-json\/wp\/v2\/posts\/22864","targetHints":{"allow":["GET"]}}],"collection":[{"href":"https:\/\/www.ce-illkirch.fr\/wordpress\/wp-json\/wp\/v2\/posts"}],"about":[{"href":"https:\/\/www.ce-illkirch.fr\/wordpress\/wp-json\/wp\/v2\/types\/post"}],"author":[{"embeddable":true,"href":"https:\/\/www.ce-illkirch.fr\/wordpress\/wp-json\/wp\/v2\/users\/2"}],"replies":[{"embeddable":true,"href":"https:\/\/www.ce-illkirch.fr\/wordpress\/wp-json\/wp\/v2\/comments?post=22864"}],"version-history":[{"count":1,"href":"https:\/\/www.ce-illkirch.fr\/wordpress\/wp-json\/wp\/v2\/posts\/22864\/revisions"}],"predecessor-version":[{"id":23231,"href":"https:\/\/www.ce-illkirch.fr\/wordpress\/wp-json\/wp\/v2\/posts\/22864\/revisions\/23231"}],"wp:attachment":[{"href":"https:\/\/www.ce-illkirch.fr\/wordpress\/wp-json\/wp\/v2\/media?parent=22864"}],"wp:term":[{"taxonomy":"category","embeddable":true,"href":"https:\/\/www.ce-illkirch.fr\/wordpress\/wp-json\/wp\/v2\/categories?post=22864"},{"taxonomy":"post_tag","embeddable":true,"href":"https:\/\/www.ce-illkirch.fr\/wordpress\/wp-json\/wp\/v2\/tags?post=22864"}],"curies":[{"name":"wp","href":"https:\/\/api.w.org\/{rel}","templated":true}]}}