{"id":22895,"date":"2013-11-20T14:04:00","date_gmt":"2013-11-20T13:04:00","guid":{"rendered":"http:\/\/www.ce-illkirch.fr\/wordpress\/?p=9362"},"modified":"2026-04-14T10:29:02","modified_gmt":"2026-04-14T08:29:02","slug":"sensibilisation-aux-methodes-agiles-2","status":"publish","type":"post","link":"https:\/\/www.ce-illkirch.fr\/wordpress\/2013\/11\/formation\/sensibilisation-aux-methodes-agiles-2\/","title":{"rendered":"Sensibilisation aux m\u00e9thodes Agiles"},"content":{"rendered":"<p align=\"JUSTIFY\"><a href=\"http:\/\/www.ce-illkirch.fr\/wordpress\/2013\/05\/sensibilisation-aux-methodes-agiles\/methodes_agiles\/\" rel=\"attachment wp-att-9363\"><img loading=\"lazy\" decoding=\"async\" class=\"alignleft size-full wp-image-9363\" alt=\"methodes_Agiles\" src=\"http:\/\/www.ce-illkirch.fr\/wordpress\/wp-content\/uploads\/methodes_Agiles.png\" width=\"136\" height=\"112\" \/><\/a>Vous souhaitez avoir un aper\u00e7u global des m\u00e9thodes Agiles :<\/p>\n<ul>\n<li>\n<p align=\"JUSTIFY\">Une nouvelle organisation du travail<\/p>\n<\/li>\n<li>\n<p align=\"JUSTIFY\">Un processus it\u00e9ratif<\/p>\n<\/li>\n<li>\n<p align=\"JUSTIFY\">Une meilleure prise en compte des demandes clients<\/p>\n<\/li>\n<\/ul>\n<p align=\"JUSTIFY\">La Commmission Formation du CE vous propose<b> une session de sensibilisation qui s\u2019adresse \u00e0 TOUS les salari\u00e9s. <\/b><i>Acc\u00e8s libre dans la limite des places disponibles<\/i><\/p>\n<p>Si vous avez manqu\u00e9 les deux sessions pr\u00e9c\u00e9dentes du mois de juin, cette session est pour vous. Elle s&rsquo;adresse \u00e0 tous, et aura lieu le <strong>vendredi 29 novembre\u00a0<\/strong><strong> \u00e0 13h30 <\/strong>\u00e0 l&rsquo;amphi.<strong><br \/>\n<\/strong><\/p>\n<p>Inscrivez-vous : http:\/\/doodle.com\/tncui45sqta6mntn<\/p>\n","protected":false},"excerpt":{"rendered":"<p>Vous souhaitez avoir un aper\u00e7u global des m\u00e9thodes Agiles : Une nouvelle organisation du travail Un processus it\u00e9ratif Une meilleure prise en compte des demandes clients La Commmission Formation du [&hellip;]<\/p>\n","protected":false},"author":7,"featured_media":0,"comment_status":"open","ping_status":"closed","sticky":false,"template":"","format":"standard","meta":{"footnotes":""},"categories":[12],"tags":[],"class_list":["post-22895","post","type-post","status-publish","format-standard","hentry","category-formation"],"publishpress_future_action":{"enabled":false,"date":"2026-05-07 15:34:37","action":"category","newStatus":"draft","terms":[],"taxonomy":"category","extraData":[]},"publishpress_future_workflow_manual_trigger":{"enabledWorkflows":[]},"_links":{"self":[{"href":"https:\/\/www.ce-illkirch.fr\/wordpress\/wp-json\/wp\/v2\/posts\/22895","targetHints":{"allow":["GET"]}}],"collection":[{"href":"https:\/\/www.ce-illkirch.fr\/wordpress\/wp-json\/wp\/v2\/posts"}],"about":[{"href":"https:\/\/www.ce-illkirch.fr\/wordpress\/wp-json\/wp\/v2\/types\/post"}],"author":[{"embeddable":true,"href":"https:\/\/www.ce-illkirch.fr\/wordpress\/wp-json\/wp\/v2\/users\/7"}],"replies":[{"embeddable":true,"href":"https:\/\/www.ce-illkirch.fr\/wordpress\/wp-json\/wp\/v2\/comments?post=22895"}],"version-history":[{"count":1,"href":"https:\/\/www.ce-illkirch.fr\/wordpress\/wp-json\/wp\/v2\/posts\/22895\/revisions"}],"predecessor-version":[{"id":39167,"href":"https:\/\/www.ce-illkirch.fr\/wordpress\/wp-json\/wp\/v2\/posts\/22895\/revisions\/39167"}],"wp:attachment":[{"href":"https:\/\/www.ce-illkirch.fr\/wordpress\/wp-json\/wp\/v2\/media?parent=22895"}],"wp:term":[{"taxonomy":"category","embeddable":true,"href":"https:\/\/www.ce-illkirch.fr\/wordpress\/wp-json\/wp\/v2\/categories?post=22895"},{"taxonomy":"post_tag","embeddable":true,"href":"https:\/\/www.ce-illkirch.fr\/wordpress\/wp-json\/wp\/v2\/tags?post=22895"}],"curies":[{"name":"wp","href":"https:\/\/api.w.org\/{rel}","templated":true}]}}