{"id":22905,"date":"2017-09-28T08:05:38","date_gmt":"2017-09-28T07:05:38","guid":{"rendered":"http:\/\/www.ce-illkirch.fr\/wordpress\/?p=6141"},"modified":"2018-08-03T10:26:42","modified_gmt":"2018-08-03T08:26:42","slug":"le-ce-est-desormais-societaire-de-autotrement-2","status":"publish","type":"post","link":"https:\/\/www.ce-illkirch.fr\/wordpress\/2017\/09\/ecologie\/le-ce-est-desormais-societaire-de-autotrement-2\/","title":{"rendered":"Une voiture quand j&rsquo;en ai besoin avec Citiz"},"content":{"rendered":"<p><a href=\"https:\/\/www.ce-illkirch.fr\/wordpress\/wp-content\/uploads\/Citiz.jpg\"><img loading=\"lazy\" decoding=\"async\" class=\"alignleft size-full wp-image-20437\" src=\"https:\/\/www.ce-illkirch.fr\/wordpress\/wp-content\/uploads\/Citiz.jpg\" alt=\"Citiz\" width=\"275\" height=\"183\" \/><\/a>\u00a0Plut\u00f4t que de disposer d&rsquo;une voiture personnelle qui reste l&rsquo;essentiel de son temps au parking, l&rsquo;utilisateur d&rsquo;autopartage dispose d&rsquo;une voiture uniquement pour la dur\u00e9e de son besoin. Le reste du temps, la voiture est utilis\u00e9e par d&rsquo;autres membres (&#8230;). <em>Wikip\u00e9dia<\/em><\/p>\n<p>Depuis 2012, le CE est soci\u00e9taire d<strong>e <a title=\"Citiz\" href=\"http:\/\/alsace.citiz.coop\/\" target=\"_blank\" rel=\"noopener\">Citiz<\/a><\/strong>, ce qui vous donne droit au<strong> tarif le plus avantageux<\/strong> d&rsquo;abonnement. Pour en b\u00e9n\u00e9ficier, il suffit de\u00a0 pr\u00e9senter une attestation d\u00e9livr\u00e9e par le CE. De plus, le CE vous rembourse, sur facture, <strong>50% de l&rsquo;adh\u00e9sion<\/strong> (de 40 \u20ac).<\/p>\n<p>Des tarifs d\u00e9gressifs par 24h ou pour plus de 100 km existent. Entre 23h et 7h du matin, c&rsquo;est gratuit.<br \/>\nR\u00e9servation par internet ou par t\u00e9l\u00e9phone 24h\/24.<\/p>\n<p>200 voitures accessibles dans 17 villes d&rsquo;Alsace. Et \u00e0 partir de 10 adh\u00e9rents dans un quartier ou une ville, Citiz peut ouvrir une nouvelle station.<\/p>\n<p>&nbsp;<\/p>\n","protected":false},"excerpt":{"rendered":"<p>\u00a0Plut\u00f4t que de disposer d&rsquo;une voiture personnelle qui reste l&rsquo;essentiel de son temps au parking, l&rsquo;utilisateur d&rsquo;autopartage dispose d&rsquo;une voiture uniquement pour la dur\u00e9e de son besoin. Le reste du [&hellip;]<\/p>\n","protected":false},"author":7,"featured_media":23295,"comment_status":"open","ping_status":"closed","sticky":false,"template":"","format":"standard","meta":{"footnotes":""},"categories":[10,39],"tags":[],"class_list":["post-22905","post","type-post","status-publish","format-standard","has-post-thumbnail","hentry","category-ecologie","category-transport"],"publishpress_future_action":{"enabled":false,"date":"2026-05-07 17:04:58","action":"category","newStatus":"draft","terms":[],"taxonomy":"category","extraData":[]},"publishpress_future_workflow_manual_trigger":{"enabledWorkflows":[]},"_links":{"self":[{"href":"https:\/\/www.ce-illkirch.fr\/wordpress\/wp-json\/wp\/v2\/posts\/22905","targetHints":{"allow":["GET"]}}],"collection":[{"href":"https:\/\/www.ce-illkirch.fr\/wordpress\/wp-json\/wp\/v2\/posts"}],"about":[{"href":"https:\/\/www.ce-illkirch.fr\/wordpress\/wp-json\/wp\/v2\/types\/post"}],"author":[{"embeddable":true,"href":"https:\/\/www.ce-illkirch.fr\/wordpress\/wp-json\/wp\/v2\/users\/7"}],"replies":[{"embeddable":true,"href":"https:\/\/www.ce-illkirch.fr\/wordpress\/wp-json\/wp\/v2\/comments?post=22905"}],"version-history":[{"count":1,"href":"https:\/\/www.ce-illkirch.fr\/wordpress\/wp-json\/wp\/v2\/posts\/22905\/revisions"}],"predecessor-version":[{"id":23296,"href":"https:\/\/www.ce-illkirch.fr\/wordpress\/wp-json\/wp\/v2\/posts\/22905\/revisions\/23296"}],"wp:featuredmedia":[{"embeddable":true,"href":"https:\/\/www.ce-illkirch.fr\/wordpress\/wp-json\/wp\/v2\/media\/23295"}],"wp:attachment":[{"href":"https:\/\/www.ce-illkirch.fr\/wordpress\/wp-json\/wp\/v2\/media?parent=22905"}],"wp:term":[{"taxonomy":"category","embeddable":true,"href":"https:\/\/www.ce-illkirch.fr\/wordpress\/wp-json\/wp\/v2\/categories?post=22905"},{"taxonomy":"post_tag","embeddable":true,"href":"https:\/\/www.ce-illkirch.fr\/wordpress\/wp-json\/wp\/v2\/tags?post=22905"}],"curies":[{"name":"wp","href":"https:\/\/api.w.org\/{rel}","templated":true}]}}