{"id":22906,"date":"2019-09-11T08:00:44","date_gmt":"2019-09-11T06:00:44","guid":{"rendered":"http:\/\/www.ce-illkirch.fr\/wordpress\/?p=10093"},"modified":"2019-09-11T12:12:33","modified_gmt":"2019-09-11T10:12:33","slug":"biobernai-du-13-au-15-septembre-2013-2","status":"publish","type":"post","link":"https:\/\/www.ce-illkirch.fr\/wordpress\/2019\/09\/ecologie\/biobernai-du-13-au-15-septembre-2013-2\/","title":{"rendered":"BiObernai du 13 au 15 septembre 2019"},"content":{"rendered":"<p>Le <a href=\"https:\/\/www.biobernai.com\">salon de l&rsquo;agriculture biologique<\/a> en Alsace.<\/p>\n<p><strong>O\u00f9 est l&rsquo;essentiel ?\u00a0<\/strong>Une question existentielle int\u00e9ressante \u00e0 se poser, non ? C&rsquo;est ce que BiObernai vous propose pour cette ann\u00e9e 2019 !<\/p>\n<p>Rendez-vous pour la\u00a016\u00e8me \u00e9dition les <strong>13, 14 et 15 septembre 2019<\/strong> de 10h \u00e0 19h.<\/p>\n<p>Entr\u00e9e libre pour tous, tous les matins jusqu&rsquo;\u00e0 12h<\/p>\n<p>+<strong> 250 exposants<\/strong><br \/>\n+<strong> animations<\/strong> (causeries, ateliers, conf\u00e9rences&#8230;) pour petits et grands<br \/>\n+ 150 b\u00e9n\u00e9voles \u00e0 votre service<\/p>\n<p><strong>Entr\u00e9e gratuite avant 12h chaque matin !<\/strong><\/p>\n<ul>\n<li><strong>A partir de 12h\u00a0<\/strong> :\u00a0 5 \u20ac<\/li>\n<li>Demi tarif : 2,50 \u20ac (r\u00e9serv\u00e9 aux personnes sans emploi, \u00e9tudiants, personnes \u00e0 mobilit\u00e9 r\u00e9duite sur pr\u00e9sentation d&rsquo;un justificatif)<\/li>\n<li>GRATUIT pour les &#8211; de 12 ans<\/li>\n<li><strong>GRATUIT<\/strong> pour les visiteurs venant \u00e0 <strong>v\u00e9lo<\/strong> et\/ou par le <strong>train<\/strong> (sur pr\u00e9sentation de leur titre de transport \u00e0 l&rsquo;accueil billetterie<\/li>\n<\/ul>\n<p>Sur le parking des Remparts \u00e0 Obernai, \u00e0 500 m de la gare.<\/p>\n","protected":false},"excerpt":{"rendered":"<p>Le salon de l&rsquo;agriculture biologique en Alsace. O\u00f9 est l&rsquo;essentiel ?\u00a0Une question existentielle int\u00e9ressante \u00e0 se poser, non ? C&rsquo;est ce que BiObernai vous propose pour cette ann\u00e9e 2019 ! [&hellip;]<\/p>\n","protected":false},"author":7,"featured_media":25787,"comment_status":"open","ping_status":"closed","sticky":false,"template":"","format":"standard","meta":{"footnotes":""},"categories":[10,16,18],"tags":[],"class_list":["post-22906","post","type-post","status-publish","format-standard","has-post-thumbnail","hentry","category-ecologie","category-loisirs","category-loisirs-sorties"],"publishpress_future_action":{"enabled":false,"date":"2026-05-07 15:56:23","action":"category","newStatus":"draft","terms":[],"taxonomy":"category","extraData":[]},"publishpress_future_workflow_manual_trigger":{"enabledWorkflows":[]},"_links":{"self":[{"href":"https:\/\/www.ce-illkirch.fr\/wordpress\/wp-json\/wp\/v2\/posts\/22906","targetHints":{"allow":["GET"]}}],"collection":[{"href":"https:\/\/www.ce-illkirch.fr\/wordpress\/wp-json\/wp\/v2\/posts"}],"about":[{"href":"https:\/\/www.ce-illkirch.fr\/wordpress\/wp-json\/wp\/v2\/types\/post"}],"author":[{"embeddable":true,"href":"https:\/\/www.ce-illkirch.fr\/wordpress\/wp-json\/wp\/v2\/users\/7"}],"replies":[{"embeddable":true,"href":"https:\/\/www.ce-illkirch.fr\/wordpress\/wp-json\/wp\/v2\/comments?post=22906"}],"version-history":[{"count":3,"href":"https:\/\/www.ce-illkirch.fr\/wordpress\/wp-json\/wp\/v2\/posts\/22906\/revisions"}],"predecessor-version":[{"id":25789,"href":"https:\/\/www.ce-illkirch.fr\/wordpress\/wp-json\/wp\/v2\/posts\/22906\/revisions\/25789"}],"wp:featuredmedia":[{"embeddable":true,"href":"https:\/\/www.ce-illkirch.fr\/wordpress\/wp-json\/wp\/v2\/media\/25787"}],"wp:attachment":[{"href":"https:\/\/www.ce-illkirch.fr\/wordpress\/wp-json\/wp\/v2\/media?parent=22906"}],"wp:term":[{"taxonomy":"category","embeddable":true,"href":"https:\/\/www.ce-illkirch.fr\/wordpress\/wp-json\/wp\/v2\/categories?post=22906"},{"taxonomy":"post_tag","embeddable":true,"href":"https:\/\/www.ce-illkirch.fr\/wordpress\/wp-json\/wp\/v2\/tags?post=22906"}],"curies":[{"name":"wp","href":"https:\/\/api.w.org\/{rel}","templated":true}]}}