{"id":22907,"date":"2017-10-02T09:00:47","date_gmt":"2017-10-02T08:00:47","guid":{"rendered":"http:\/\/www.ce-illkirch.fr\/wordpress\/?p=10148"},"modified":"2017-10-02T09:00:47","modified_gmt":"2017-10-02T08:00:47","slug":"votre-cafe-a-t-il-le-gout-de-la-solidarite-2","status":"publish","type":"post","link":"https:\/\/www.ce-illkirch.fr\/wordpress\/2017\/10\/ecologie\/votre-cafe-a-t-il-le-gout-de-la-solidarite-2\/","title":{"rendered":"Votre caf\u00e9 a-t-il le go\u00fbt de la solidarit\u00e9 ?"},"content":{"rendered":"<p><a href=\"http:\/\/www.ce-illkirch.fr\/wordpress\/2013\/09\/votre-cafe-a-t-il-le-gout-de-la-solidarite\/maxhavelaar\/\" rel=\"attachment wp-att-10149\"><img loading=\"lazy\" decoding=\"async\" class=\"alignleft size-full wp-image-10149\" alt=\"MaxHavelaar\" src=\"http:\/\/www.ce-illkirch.fr\/wordpress\/wp-content\/uploads\/MaxHavelaar.jpg\" width=\"225\" height=\"171\" \/><\/a>Votre restaurant vous propose un caf\u00e9 garanti \u00ab\u00a0commerce \u00e9quitable\u00a0\u00bb par Max Havelaar.<\/p>\n<p>Le label FAIRTRADE\/MAX HAVELAAR garantit que ce caf\u00e9 est issu du commerce \u00e9quitable conform\u00e9ment aux standards internationaux contr\u00f4l\u00e9s par FLO-Cert.<br \/>\nEn achetant ce caf\u00e9, vous contribuez \u00e0 l&rsquo;am\u00e9lioration des conditions de vie et de travail des producteurs d\u00e9favoris\u00e9s des r\u00e9gions d&rsquo;origine et vous encouragez le respect de l&rsquo;environnement<br \/>\nPour plus d&rsquo;information:<a href=\"http:\/\/www.maxhavelaarfrance.org\" target=\"_blank\"> www.maxhavelaarfrance.org <\/a><\/p>\n<p>Pensez \u00e0 <strong>le demander<\/strong> lors de votre passage en caisse. Ce n&rsquo;est pas celui-l\u00e0 qui vous sera servi par d\u00e9faut&#8230;<br \/>\nCAFE RECK BIO MEXIQUE CHIAPAS ALTURA GRAINS\u00a0 PREMIUM<\/p>\n","protected":false},"excerpt":{"rendered":"<p>Votre restaurant vous propose un caf\u00e9 garanti \u00ab\u00a0commerce \u00e9quitable\u00a0\u00bb par Max Havelaar. Le label FAIRTRADE\/MAX HAVELAAR garantit que ce caf\u00e9 est issu du commerce \u00e9quitable conform\u00e9ment aux standards internationaux contr\u00f4l\u00e9s [&hellip;]<\/p>\n","protected":false},"author":7,"featured_media":0,"comment_status":"open","ping_status":"closed","sticky":false,"template":"","format":"standard","meta":{"footnotes":""},"categories":[10,26],"tags":[],"class_list":["post-22907","post","type-post","status-publish","format-standard","hentry","category-ecologie","category-restaurant"],"publishpress_future_action":{"enabled":false,"date":"2026-05-08 00:19:29","action":"category","newStatus":"draft","terms":[],"taxonomy":"category","extraData":[]},"publishpress_future_workflow_manual_trigger":{"enabledWorkflows":[]},"_links":{"self":[{"href":"https:\/\/www.ce-illkirch.fr\/wordpress\/wp-json\/wp\/v2\/posts\/22907","targetHints":{"allow":["GET"]}}],"collection":[{"href":"https:\/\/www.ce-illkirch.fr\/wordpress\/wp-json\/wp\/v2\/posts"}],"about":[{"href":"https:\/\/www.ce-illkirch.fr\/wordpress\/wp-json\/wp\/v2\/types\/post"}],"author":[{"embeddable":true,"href":"https:\/\/www.ce-illkirch.fr\/wordpress\/wp-json\/wp\/v2\/users\/7"}],"replies":[{"embeddable":true,"href":"https:\/\/www.ce-illkirch.fr\/wordpress\/wp-json\/wp\/v2\/comments?post=22907"}],"version-history":[{"count":0,"href":"https:\/\/www.ce-illkirch.fr\/wordpress\/wp-json\/wp\/v2\/posts\/22907\/revisions"}],"wp:attachment":[{"href":"https:\/\/www.ce-illkirch.fr\/wordpress\/wp-json\/wp\/v2\/media?parent=22907"}],"wp:term":[{"taxonomy":"category","embeddable":true,"href":"https:\/\/www.ce-illkirch.fr\/wordpress\/wp-json\/wp\/v2\/categories?post=22907"},{"taxonomy":"post_tag","embeddable":true,"href":"https:\/\/www.ce-illkirch.fr\/wordpress\/wp-json\/wp\/v2\/tags?post=22907"}],"curies":[{"name":"wp","href":"https:\/\/api.w.org\/{rel}","templated":true}]}}