{"id":22912,"date":"2017-09-25T08:14:55","date_gmt":"2017-09-25T07:14:55","guid":{"rendered":"http:\/\/www.ce-illkirch.fr\/wordpress\/?p=15548"},"modified":"2017-09-25T08:14:55","modified_gmt":"2017-09-25T07:14:55","slug":"subv-enfant-20142015-attention-a-la-date-limite-2","status":"publish","type":"post","link":"https:\/\/www.ce-illkirch.fr\/wordpress\/2017\/09\/53\/subv-enfant-20142015-attention-a-la-date-limite-2\/","title":{"rendered":"D\u00e9pot des dossiers Subv. Enfant avant le 30 sept."},"content":{"rendered":"<p><a href=\"https:\/\/www.ce-illkirch.fr\/wordpress\/wp-content\/uploads\/enfants3.jpg\"><img loading=\"lazy\" decoding=\"async\" class=\"alignleft size-full wp-image-16715\" alt=\"enfants\" src=\"https:\/\/www.ce-illkirch.fr\/wordpress\/wp-content\/uploads\/enfants3.jpg\" width=\"185\" height=\"185\" \/><\/a>Si votre enfant a particip\u00e9 \u00e0 un s\u00e9jour, centre a\u00e9r\u00e9 ou stage durant l&rsquo;\u00e9t\u00e9, vous pouvez d\u00e9poser votre demande de subvention <b>jusqu&rsquo;au 30 septembre. <\/b>Merci de ne pas transmettre les documents\u00a0 par mail<strong>, mais de les d\u00e9poser au C.E<\/strong>. sur mon bureau ou dans la bo\u00eete aux lettres.<\/p>\n<p>Pour les demandes d\u00e9ja d\u00e9pos\u00e9es, le virement sera effectu\u00e9 dans les prochaines semaines. Un bordereau de virement vous sera transmis sur simple demande. N\u2019h\u00e9sitez pas \u00e0 me contacter pour tout renseignement compl\u00e9mentaire.<\/p>\n<p><strong><span style=\"text-decoration: underline;\">Wanita Anthonee<\/span> &#8211; T\u00e9l.218 77301<\/strong><\/p>\n<p>Et pour les activit\u00e9s de 2017\/2018, pensez \u00e0 pr\u00e9inscrire votre enfant par mail<b>. <a href=\"http:\/\/www.ce-illkirch.fr\/wordpress\/activites-enfants\/\" target=\"_blank\">+ d&rsquo;infos<\/a><br \/>\n<\/b><\/p>\n","protected":false},"excerpt":{"rendered":"<p>Si votre enfant a particip\u00e9 \u00e0 un s\u00e9jour, centre a\u00e9r\u00e9 ou stage durant l&rsquo;\u00e9t\u00e9, vous pouvez d\u00e9poser votre demande de subvention jusqu&rsquo;au 30 septembre. Merci de ne pas transmettre les [&hellip;]<\/p>\n","protected":false},"author":2,"featured_media":0,"comment_status":"open","ping_status":"closed","sticky":false,"template":"","format":"standard","meta":{"footnotes":""},"categories":[4],"tags":[],"class_list":["post-22912","post","type-post","status-publish","format-standard","hentry","category-4"],"publishpress_future_action":{"enabled":false,"date":"2026-05-07 15:35:39","action":"category","newStatus":"draft","terms":[],"taxonomy":"category","extraData":[]},"publishpress_future_workflow_manual_trigger":{"enabledWorkflows":[]},"_links":{"self":[{"href":"https:\/\/www.ce-illkirch.fr\/wordpress\/wp-json\/wp\/v2\/posts\/22912","targetHints":{"allow":["GET"]}}],"collection":[{"href":"https:\/\/www.ce-illkirch.fr\/wordpress\/wp-json\/wp\/v2\/posts"}],"about":[{"href":"https:\/\/www.ce-illkirch.fr\/wordpress\/wp-json\/wp\/v2\/types\/post"}],"author":[{"embeddable":true,"href":"https:\/\/www.ce-illkirch.fr\/wordpress\/wp-json\/wp\/v2\/users\/2"}],"replies":[{"embeddable":true,"href":"https:\/\/www.ce-illkirch.fr\/wordpress\/wp-json\/wp\/v2\/comments?post=22912"}],"version-history":[{"count":0,"href":"https:\/\/www.ce-illkirch.fr\/wordpress\/wp-json\/wp\/v2\/posts\/22912\/revisions"}],"wp:attachment":[{"href":"https:\/\/www.ce-illkirch.fr\/wordpress\/wp-json\/wp\/v2\/media?parent=22912"}],"wp:term":[{"taxonomy":"category","embeddable":true,"href":"https:\/\/www.ce-illkirch.fr\/wordpress\/wp-json\/wp\/v2\/categories?post=22912"},{"taxonomy":"post_tag","embeddable":true,"href":"https:\/\/www.ce-illkirch.fr\/wordpress\/wp-json\/wp\/v2\/tags?post=22912"}],"curies":[{"name":"wp","href":"https:\/\/api.w.org\/{rel}","templated":true}]}}