{"id":22924,"date":"2017-11-02T09:04:13","date_gmt":"2017-11-02T08:04:13","guid":{"rendered":"http:\/\/www.ce-illkirch.fr\/wordpress\/?p=13186"},"modified":"2023-03-06T09:51:23","modified_gmt":"2023-03-06T08:51:23","slug":"defi-familles-a-energie-positive-2014-2015-2","status":"publish","type":"post","link":"https:\/\/www.ce-illkirch.fr\/wordpress\/2017\/11\/ecologie\/defi-familles-a-energie-positive-2014-2015-2\/","title":{"rendered":"D\u00e9fi \u00ab\u00a0familles \u00e0 \u00e9nergie positive\u00a0\u00bb 2017-2018"},"content":{"rendered":"<p><i><a href=\"http:\/\/www.ce-illkirch.fr\/wordpress\/wp-content\/uploads\/DefiFamillesEnergiePositive.jpg\"><img loading=\"lazy\" decoding=\"async\" class=\"alignleft size-full wp-image-13187\" src=\"http:\/\/www.ce-illkirch.fr\/wordpress\/wp-content\/uploads\/DefiFamillesEnergiePositive.jpg\" alt=\"DefiFamillesEnergiePositive\" width=\"252\" height=\"131\" \/><\/a>Les inscriptions au d\u00e9fi des \u00ab Familles \u00e0 \u00c9nergie Positive \u00bb sont ouvertes ! Objectif : identifier les \u00e9conomies d\u2019\u00e9nergie que l\u2019on peut r\u00e9aliser au quotidien sans affecter son confort. Le d\u00e9fi se d\u00e9roule du 1<\/i><i>er <\/i><i> novembre au 30 avril.<\/i><\/p>\n<p><i>Pour participer, des familles doivent se regrouper et former des \u00e9quipes repr\u00e9sentant leur village, leur quartier ou leur entreprise avec l\u2019objectif d\u2019\u00e9conomiser le plus d\u2019\u00e9nergie possible sur les consommations domestiques : chauffage, eau chaude, \u00e9quipements \u00e9lectriques.<\/i><\/p>\n<p>Il y a certainement une \u00e9quipe pr\u00e8s de chez vous ! A ce jour d\u00e9j\u00e0 19 dans l&rsquo;Eurom\u00e9tropole, 12 dans le reste de l&rsquo;Alsace.<\/p>\n<p>Des flyers sont disponibles au CE.<\/p>\n<p><i>Information, inscription : http:\/\/alsace.familles-a-energie-positive.fr<\/i><\/p>\n<p><i>Contact : Richard Lemoine \u2706 03 89 50 06 20 ; <a href=\"mailto:richard.lemoine@alteralsace.org\">richard.lemoine@alteralsace.org<\/a><\/i><\/p>\n","protected":false},"excerpt":{"rendered":"<p>Les inscriptions au d\u00e9fi des \u00ab Familles \u00e0 \u00c9nergie Positive \u00bb sont ouvertes ! Objectif : identifier les \u00e9conomies d\u2019\u00e9nergie que l\u2019on peut r\u00e9aliser au quotidien sans affecter son confort. [&hellip;]<\/p>\n","protected":false},"author":7,"featured_media":0,"comment_status":"open","ping_status":"closed","sticky":false,"template":"","format":"standard","meta":{"footnotes":""},"categories":[10],"tags":[],"class_list":["post-22924","post","type-post","status-publish","format-standard","hentry","category-ecologie"],"publishpress_future_action":{"enabled":false,"date":"2026-05-08 00:18:46","action":"category","newStatus":"draft","terms":[],"taxonomy":"category","extraData":[]},"publishpress_future_workflow_manual_trigger":{"enabledWorkflows":[]},"_links":{"self":[{"href":"https:\/\/www.ce-illkirch.fr\/wordpress\/wp-json\/wp\/v2\/posts\/22924","targetHints":{"allow":["GET"]}}],"collection":[{"href":"https:\/\/www.ce-illkirch.fr\/wordpress\/wp-json\/wp\/v2\/posts"}],"about":[{"href":"https:\/\/www.ce-illkirch.fr\/wordpress\/wp-json\/wp\/v2\/types\/post"}],"author":[{"embeddable":true,"href":"https:\/\/www.ce-illkirch.fr\/wordpress\/wp-json\/wp\/v2\/users\/7"}],"replies":[{"embeddable":true,"href":"https:\/\/www.ce-illkirch.fr\/wordpress\/wp-json\/wp\/v2\/comments?post=22924"}],"version-history":[{"count":2,"href":"https:\/\/www.ce-illkirch.fr\/wordpress\/wp-json\/wp\/v2\/posts\/22924\/revisions"}],"predecessor-version":[{"id":32787,"href":"https:\/\/www.ce-illkirch.fr\/wordpress\/wp-json\/wp\/v2\/posts\/22924\/revisions\/32787"}],"wp:attachment":[{"href":"https:\/\/www.ce-illkirch.fr\/wordpress\/wp-json\/wp\/v2\/media?parent=22924"}],"wp:term":[{"taxonomy":"category","embeddable":true,"href":"https:\/\/www.ce-illkirch.fr\/wordpress\/wp-json\/wp\/v2\/categories?post=22924"},{"taxonomy":"post_tag","embeddable":true,"href":"https:\/\/www.ce-illkirch.fr\/wordpress\/wp-json\/wp\/v2\/tags?post=22924"}],"curies":[{"name":"wp","href":"https:\/\/api.w.org\/{rel}","templated":true}]}}