{"id":22925,"date":"2017-11-03T08:17:44","date_gmt":"2017-11-03T07:17:44","guid":{"rendered":"http:\/\/www.ce-illkirch.fr\/wordpress\/?p=18501"},"modified":"2023-02-16T16:40:47","modified_gmt":"2023-02-16T15:40:47","slug":"fete-de-noel-enfants-2","status":"publish","type":"post","link":"https:\/\/www.ce-illkirch.fr\/wordpress\/2017\/11\/billet\/fete-de-noel-enfants-2\/","title":{"rendered":"F\u00eate de No\u00ebl enfants 2017"},"content":{"rendered":"<h1><strong><span style=\"color: #0000ff;\">Vente des billets (3 \u20ac) jusqu&rsquo;au 10\/11 au CE.<\/span><\/strong><\/h1>\n<p><strong>Dimanche 10 d\u00e9cembre \u00e0 16h<\/strong> \u00e0 Kirrwiller : Royal Palace go\u00fbter et spectacle <span style=\"text-decoration: underline;\"><strong>(dur\u00e9e 1h30)<\/strong><\/span><\/p>\n<p>Si vous \u00eates int\u00e9ress\u00e9 par un car pour le transport (\u00e0 votre charge, tarif \u00e0 pr\u00e9ciser) merci de remplir ce <a href=\"https:\/\/doodle.com\/poll\/us2qx8yyt6h9euy4\" target=\"_blank\" rel=\"noopener\">Sondage<\/a><\/p>\n<p>&nbsp;<\/p>\n","protected":false},"excerpt":{"rendered":"<p>Vente des billets (3 \u20ac) jusqu&rsquo;au 10\/11 au CE. Dimanche 10 d\u00e9cembre \u00e0 16h \u00e0 Kirrwiller : Royal Palace go\u00fbter et spectacle (dur\u00e9e 1h30) Si vous \u00eates int\u00e9ress\u00e9 par un [&hellip;]<\/p>\n","protected":false},"author":2,"featured_media":0,"comment_status":"open","ping_status":"closed","sticky":false,"template":"","format":"standard","meta":{"footnotes":""},"categories":[6,16,17,18],"tags":[],"class_list":["post-22925","post","type-post","status-publish","format-standard","hentry","category-billet","category-loisirs","category-loisirs-subvention-theatre","category-loisirs-sorties"],"publishpress_future_action":{"enabled":false,"date":"2026-05-08 02:53:56","action":"category","newStatus":"draft","terms":[],"taxonomy":"category","extraData":[]},"publishpress_future_workflow_manual_trigger":{"enabledWorkflows":[]},"_links":{"self":[{"href":"https:\/\/www.ce-illkirch.fr\/wordpress\/wp-json\/wp\/v2\/posts\/22925","targetHints":{"allow":["GET"]}}],"collection":[{"href":"https:\/\/www.ce-illkirch.fr\/wordpress\/wp-json\/wp\/v2\/posts"}],"about":[{"href":"https:\/\/www.ce-illkirch.fr\/wordpress\/wp-json\/wp\/v2\/types\/post"}],"author":[{"embeddable":true,"href":"https:\/\/www.ce-illkirch.fr\/wordpress\/wp-json\/wp\/v2\/users\/2"}],"replies":[{"embeddable":true,"href":"https:\/\/www.ce-illkirch.fr\/wordpress\/wp-json\/wp\/v2\/comments?post=22925"}],"version-history":[{"count":2,"href":"https:\/\/www.ce-illkirch.fr\/wordpress\/wp-json\/wp\/v2\/posts\/22925\/revisions"}],"predecessor-version":[{"id":32603,"href":"https:\/\/www.ce-illkirch.fr\/wordpress\/wp-json\/wp\/v2\/posts\/22925\/revisions\/32603"}],"wp:attachment":[{"href":"https:\/\/www.ce-illkirch.fr\/wordpress\/wp-json\/wp\/v2\/media?parent=22925"}],"wp:term":[{"taxonomy":"category","embeddable":true,"href":"https:\/\/www.ce-illkirch.fr\/wordpress\/wp-json\/wp\/v2\/categories?post=22925"},{"taxonomy":"post_tag","embeddable":true,"href":"https:\/\/www.ce-illkirch.fr\/wordpress\/wp-json\/wp\/v2\/tags?post=22925"}],"curies":[{"name":"wp","href":"https:\/\/api.w.org\/{rel}","templated":true}]}}