{"id":22943,"date":"2018-11-16T09:05:25","date_gmt":"2018-11-16T08:05:25","guid":{"rendered":"http:\/\/www.ce-illkirch.fr\/wordpress\/?p=11632"},"modified":"2018-11-16T10:57:44","modified_gmt":"2018-11-16T09:57:44","slug":"amateurs-de-bd-2","status":"publish","type":"post","link":"https:\/\/www.ce-illkirch.fr\/wordpress\/2018\/11\/bibliotheque\/amateurs-de-bd-2\/","title":{"rendered":"Amateurs de BD&#8230;. moiti\u00e9 prix"},"content":{"rendered":"<p>Nous vous proposons une id\u00e9e de cadeau de no\u00ebl\u00a0: <a href=\"https:\/\/www.cezam-grandest.fr\/default.asp?mode=selection-prix-bd&amp;rubrique=carte-cezam\">une BD du prix<\/a>\u00a0! Elles sont en vente \u00e0 la biblioth\u00e8que \u00e0 <strong>moiti\u00e9 prix<\/strong>\u00a0!<\/p>\n<p>&nbsp;<\/p>\n<p>&nbsp;<\/p>\n<p>&nbsp;<\/p>\n<p>&nbsp;<\/p>\n<p>&nbsp;<\/p>\n<p>&nbsp;<\/p>\n","protected":false},"excerpt":{"rendered":"<p>Nous vous proposons une id\u00e9e de cadeau de no\u00ebl\u00a0: une BD du prix\u00a0! Elles sont en vente \u00e0 la biblioth\u00e8que \u00e0 moiti\u00e9 prix\u00a0! &nbsp; &nbsp; &nbsp; &nbsp; &nbsp; &nbsp;<\/p>\n","protected":false},"author":1,"featured_media":0,"comment_status":"open","ping_status":"closed","sticky":false,"template":"","format":"standard","meta":{"footnotes":""},"categories":[5,24],"tags":[],"class_list":["post-22943","post","type-post","status-publish","format-standard","hentry","category-bibliotheque","category-prix-bd"],"publishpress_future_action":{"enabled":false,"date":"2026-05-08 12:33:01","action":"category","newStatus":"draft","terms":[],"taxonomy":"category","extraData":[]},"publishpress_future_workflow_manual_trigger":{"enabledWorkflows":[]},"_links":{"self":[{"href":"https:\/\/www.ce-illkirch.fr\/wordpress\/wp-json\/wp\/v2\/posts\/22943","targetHints":{"allow":["GET"]}}],"collection":[{"href":"https:\/\/www.ce-illkirch.fr\/wordpress\/wp-json\/wp\/v2\/posts"}],"about":[{"href":"https:\/\/www.ce-illkirch.fr\/wordpress\/wp-json\/wp\/v2\/types\/post"}],"author":[{"embeddable":true,"href":"https:\/\/www.ce-illkirch.fr\/wordpress\/wp-json\/wp\/v2\/users\/1"}],"replies":[{"embeddable":true,"href":"https:\/\/www.ce-illkirch.fr\/wordpress\/wp-json\/wp\/v2\/comments?post=22943"}],"version-history":[{"count":2,"href":"https:\/\/www.ce-illkirch.fr\/wordpress\/wp-json\/wp\/v2\/posts\/22943\/revisions"}],"predecessor-version":[{"id":24091,"href":"https:\/\/www.ce-illkirch.fr\/wordpress\/wp-json\/wp\/v2\/posts\/22943\/revisions\/24091"}],"wp:attachment":[{"href":"https:\/\/www.ce-illkirch.fr\/wordpress\/wp-json\/wp\/v2\/media?parent=22943"}],"wp:term":[{"taxonomy":"category","embeddable":true,"href":"https:\/\/www.ce-illkirch.fr\/wordpress\/wp-json\/wp\/v2\/categories?post=22943"},{"taxonomy":"post_tag","embeddable":true,"href":"https:\/\/www.ce-illkirch.fr\/wordpress\/wp-json\/wp\/v2\/tags?post=22943"}],"curies":[{"name":"wp","href":"https:\/\/api.w.org\/{rel}","templated":true}]}}