{"id":22949,"date":"2025-06-11T11:33:59","date_gmt":"2025-06-11T09:33:59","guid":{"rendered":"http:\/\/www.ce-illkirch.fr\/wordpress\/?p=11218"},"modified":"2025-06-11T11:37:55","modified_gmt":"2025-06-11T09:37:55","slug":"catalogues-colos-2","status":"publish","type":"post","link":"https:\/\/www.ce-illkirch.fr\/wordpress\/2025\/06\/53\/catalogues-colos-2\/","title":{"rendered":"Catalogues Colonies de vacances"},"content":{"rendered":"<p>Quelques catalogues colos sont disponibles au CSE sur l&rsquo;\u00e9tag\u00e8re Catalogues tourisme.<\/p>\n<p><a href=\"https:\/\/www.ce-illkirch.fr\/wordpress\/wp-content\/uploads\/2018\/02\/colo-2024-sejours-Centre-BEL-AIR.pdf\">Nos partenaires : \u00e0 retrouver <\/a><a href=\"https:\/\/www.ce-illkirch.fr\/wordpress\/activites-enfants\/forum-colos\/\" target=\"_blank\" rel=\"noopener\">ICI<\/a><\/p>\n<p>avec la subvention CSE sur les activit\u00e9s enfants : <a href=\"https:\/\/www.ce-illkirch.fr\/wordpress\/activites-enfants\/\">d\u00e9tails<\/a><\/p>\n<p>&nbsp;<\/p>\n<p>Il reste des places chez <strong>Vacances Pour Tous<\/strong>. D\u00e9parts du Grand Est. N\u2019attendez plus pour r\u00e9server et faire passer \u00e0 vos enfants des vacances inoubliables. Code partenaire obligatoire pour b\u00e9n\u00e9ficier de la r\u00e9duction. Vous trouverez ci-joint une s\u00e9lection de colonies pour tous les \u00e2ges et tous les go\u00fbts. Toutes nos colonies via ce lien : <a href=\"http:\/\/www.vacances-pour-tous.org\">www.vacances-pour-tous.org<\/a> &#8211; <a href=\"https:\/\/www.ce-illkirch.fr\/wordpress\/wp-content\/uploads\/2025\/02\/communication-VPT-ETE-2025-Copy.pdf\">AFFICHE<\/a><\/p>\n","protected":false},"excerpt":{"rendered":"<p>Quelques catalogues colos sont disponibles au CSE sur l&rsquo;\u00e9tag\u00e8re Catalogues tourisme. Nos partenaires : \u00e0 retrouver ICI avec la subvention CSE sur les activit\u00e9s enfants : d\u00e9tails &nbsp; Il reste [&hellip;]<\/p>\n","protected":false},"author":2,"featured_media":23797,"comment_status":"open","ping_status":"closed","sticky":false,"template":"","format":"standard","meta":{"footnotes":""},"categories":[4,8,33,35,38,40],"tags":[],"class_list":["post-22949","post","type-post","status-publish","format-standard","has-post-thumbnail","hentry","category-4","category-colonies-de-vacances-53","category-subventions-ce","category-top_a_la_une","category-tourisme","category-tresor"],"publishpress_future_action":{"enabled":false,"date":"2026-05-06 23:01:29","action":"category","newStatus":"draft","terms":[],"taxonomy":"category","extraData":[]},"publishpress_future_workflow_manual_trigger":{"enabledWorkflows":[]},"_links":{"self":[{"href":"https:\/\/www.ce-illkirch.fr\/wordpress\/wp-json\/wp\/v2\/posts\/22949","targetHints":{"allow":["GET"]}}],"collection":[{"href":"https:\/\/www.ce-illkirch.fr\/wordpress\/wp-json\/wp\/v2\/posts"}],"about":[{"href":"https:\/\/www.ce-illkirch.fr\/wordpress\/wp-json\/wp\/v2\/types\/post"}],"author":[{"embeddable":true,"href":"https:\/\/www.ce-illkirch.fr\/wordpress\/wp-json\/wp\/v2\/users\/2"}],"replies":[{"embeddable":true,"href":"https:\/\/www.ce-illkirch.fr\/wordpress\/wp-json\/wp\/v2\/comments?post=22949"}],"version-history":[{"count":7,"href":"https:\/\/www.ce-illkirch.fr\/wordpress\/wp-json\/wp\/v2\/posts\/22949\/revisions"}],"predecessor-version":[{"id":37504,"href":"https:\/\/www.ce-illkirch.fr\/wordpress\/wp-json\/wp\/v2\/posts\/22949\/revisions\/37504"}],"wp:featuredmedia":[{"embeddable":true,"href":"https:\/\/www.ce-illkirch.fr\/wordpress\/wp-json\/wp\/v2\/media\/23797"}],"wp:attachment":[{"href":"https:\/\/www.ce-illkirch.fr\/wordpress\/wp-json\/wp\/v2\/media?parent=22949"}],"wp:term":[{"taxonomy":"category","embeddable":true,"href":"https:\/\/www.ce-illkirch.fr\/wordpress\/wp-json\/wp\/v2\/categories?post=22949"},{"taxonomy":"post_tag","embeddable":true,"href":"https:\/\/www.ce-illkirch.fr\/wordpress\/wp-json\/wp\/v2\/tags?post=22949"}],"curies":[{"name":"wp","href":"https:\/\/api.w.org\/{rel}","templated":true}]}}