{"id":22954,"date":"2022-01-18T15:32:51","date_gmt":"2022-01-18T14:32:51","guid":{"rendered":"http:\/\/www.ce-illkirch.fr\/wordpress\/?p=19466"},"modified":"2022-01-18T15:32:47","modified_gmt":"2022-01-18T14:32:47","slug":"nouveau-partenaire-vita-colo-2","status":"publish","type":"post","link":"https:\/\/www.ce-illkirch.fr\/wordpress\/2022\/01\/53\/nouveau-partenaire-vita-colo-2\/","title":{"rendered":"Partenaire Vita colo"},"content":{"rendered":"<p><a href=\"http:\/\/www.ce-illkirch.fr\/wordpress\/wp-content\/uploads\/logo-vitacolo.jpg\"><img loading=\"lazy\" decoding=\"async\" class=\"alignleft size-full wp-image-19467\" src=\"http:\/\/www.ce-illkirch.fr\/wordpress\/wp-content\/uploads\/logo-vitacolo.jpg\" alt=\"logo-vitacolo\" width=\"225\" height=\"137\" \/><\/a><\/p>\n<p>Ils b\u00e9n\u00e9ficient directement sur notre site internet de 5% de remise sur le prix de leurs s\u00e9jours de vacances : <a href=\"https:\/\/www.vitacolo.fr\/\">https:\/\/www.vitacolo.fr\/<\/a><\/p>\n<p>La saison 2022 est d\u00e9j\u00e0 en ligne et vous pouvez retrouver notre <strong>catalogue en version num\u00e9rique<\/strong> ici : <a href=\"https:\/\/fr.calameo.com\/read\/005032406ded1b92f5ced\">https:\/\/fr.calameo.com\/read\/005032406ded1b92f5ced<\/a><\/p>\n<p>Association Vitacolo, les colos \u00e0 projet pour les jeunes de 4 \u00e0 17 ans. 5 % de r\u00e9duction accord\u00e9s et gratuit\u00e9 des frais d&rsquo;assurance\u00a0 en indiquant \u00ab\u00a0CEALE2018 \u00bb sur le <a href=\"http:\/\/www.vitacolo.fr\/choisir-une-colo.html\" target=\"_blank\" rel=\"noopener\">site internet<\/a>, \u00e0 la r\u00e9servation. Des s\u00e9jours \u00e0 Obernai !<\/p>\n<p><b>Des s\u00e9jours de 15 jours, avec des projets \u00e0 fort imaginaire, avec un encadrement d&rsquo;un animateur pour 5 jeunes \u00e0 des prix tr\u00e8s abordables !<\/b><\/p>\n","protected":false},"excerpt":{"rendered":"<p>Ils b\u00e9n\u00e9ficient directement sur notre site internet de 5% de remise sur le prix de leurs s\u00e9jours de vacances : https:\/\/www.vitacolo.fr\/ La saison 2022 est d\u00e9j\u00e0 en ligne et vous [&hellip;]<\/p>\n","protected":false},"author":2,"featured_media":29683,"comment_status":"open","ping_status":"closed","sticky":false,"template":"","format":"standard","meta":{"footnotes":""},"categories":[4,8],"tags":[],"class_list":["post-22954","post","type-post","status-publish","format-standard","has-post-thumbnail","hentry","category-4","category-colonies-de-vacances-53"],"publishpress_future_action":{"enabled":false,"date":"2026-05-06 23:09:01","action":"category","newStatus":"draft","terms":[],"taxonomy":"category","extraData":[]},"publishpress_future_workflow_manual_trigger":{"enabledWorkflows":[]},"_links":{"self":[{"href":"https:\/\/www.ce-illkirch.fr\/wordpress\/wp-json\/wp\/v2\/posts\/22954","targetHints":{"allow":["GET"]}}],"collection":[{"href":"https:\/\/www.ce-illkirch.fr\/wordpress\/wp-json\/wp\/v2\/posts"}],"about":[{"href":"https:\/\/www.ce-illkirch.fr\/wordpress\/wp-json\/wp\/v2\/types\/post"}],"author":[{"embeddable":true,"href":"https:\/\/www.ce-illkirch.fr\/wordpress\/wp-json\/wp\/v2\/users\/2"}],"replies":[{"embeddable":true,"href":"https:\/\/www.ce-illkirch.fr\/wordpress\/wp-json\/wp\/v2\/comments?post=22954"}],"version-history":[{"count":3,"href":"https:\/\/www.ce-illkirch.fr\/wordpress\/wp-json\/wp\/v2\/posts\/22954\/revisions"}],"predecessor-version":[{"id":29684,"href":"https:\/\/www.ce-illkirch.fr\/wordpress\/wp-json\/wp\/v2\/posts\/22954\/revisions\/29684"}],"wp:featuredmedia":[{"embeddable":true,"href":"https:\/\/www.ce-illkirch.fr\/wordpress\/wp-json\/wp\/v2\/media\/29683"}],"wp:attachment":[{"href":"https:\/\/www.ce-illkirch.fr\/wordpress\/wp-json\/wp\/v2\/media?parent=22954"}],"wp:term":[{"taxonomy":"category","embeddable":true,"href":"https:\/\/www.ce-illkirch.fr\/wordpress\/wp-json\/wp\/v2\/categories?post=22954"},{"taxonomy":"post_tag","embeddable":true,"href":"https:\/\/www.ce-illkirch.fr\/wordpress\/wp-json\/wp\/v2\/tags?post=22954"}],"curies":[{"name":"wp","href":"https:\/\/api.w.org\/{rel}","templated":true}]}}