{"id":22959,"date":"2025-01-27T16:28:39","date_gmt":"2025-01-27T15:28:39","guid":{"rendered":"http:\/\/www.ce-illkirch.fr\/wordpress\/?p=10866"},"modified":"2026-01-27T16:27:34","modified_gmt":"2026-01-27T15:27:34","slug":"camera-thermique-2","status":"publish","type":"post","link":"https:\/\/www.ce-illkirch.fr\/wordpress\/2025\/01\/bricotheque\/camera-thermique-2\/","title":{"rendered":"Pensez \u00e0 r\u00e9server la cam\u00e9ra thermique"},"content":{"rendered":"<p><b><i><a href=\"http:\/\/www.ce-illkirch.fr\/wordpress\/wp-content\/uploads\/chauff_sol2.jpg\"><img loading=\"lazy\" decoding=\"async\" class=\"alignleft size-full wp-image-13486\" src=\"http:\/\/www.ce-illkirch.fr\/wordpress\/wp-content\/uploads\/chauff_sol2.jpg\" alt=\"chauff_sol\" width=\"277\" height=\"96\" \/><\/a><\/i><\/b><i><\/i><\/p>\n<p><strong><i>Disponible \u00e0 partir du 02\/02, \u00e0 r\u00e9server aupr\u00e8s de C\u00e9line du CSE.<\/i><\/strong><\/p>\n<p><i>Votre logement est-il bien isol\u00e9 ? Vous h\u00e9sitez sur les travaux d\u2019isolation prioritaires \u00e0 faire et qui permettent un retour sur investissement rapide ?<\/i><\/p>\n<p><i>La cam\u00e9ra thermique peut vous aider \u00e0 \u00e9tablir un diagnostic thermique de votre logement (<\/i><i><a href=\"https:\/\/fr.wikipedia.org\/wiki\/Cam%C3%A9ra_thermique\" target=\"_blank\" rel=\"noopener\">pour en savoir plus sur les principes<\/a>). De pr\u00e9f\u00e9rence quand il y a au moins 10\u00b0C de diff\u00e9rence entre temp\u00e9ratures int\u00e9rieure et ext\u00e9rieure.<\/i><b><i><br \/>\n<\/i><\/b><\/p>\n<p><b>Tarif 5\u20ac\/p\u00e9riode <\/b>avec d\u00e9p\u00f4t d\u2019un <b>ch\u00e8que de caution de 500\u20ac. R\u00e9servations et locations \u00e0 la bricoth\u00e8que.<br \/>\n<\/b><\/p>\n<p>Ci-dessous vous trouverez la pr\u00e9sentation utilis\u00e9e lors de la formation, un guide d\u2019utilisation et le logiciel (optionnel) qui peut \u00eatre install\u00e9 sur votre PC si vous voulez retoucher vos photos.\u00a0 <a href=\"http:\/\/www.ce-illkirch.fr\/wordpress\/ecologie\/location-camera-thermique\/\">http:\/\/www.ce-illkirch.fr\/wordpress\/ecologie\/location-camera-thermique\/<\/a><\/p>\n<p>Quelques conseils d\u2019utilisation\u00a0de la cam\u00e9ra\u00a0:<\/p>\n<ol>\n<li>Faites un reset des param\u00e8tres pour supprimer les \u00e9ventuels choix faits par votre pr\u00e9d\u00e9cesseur<\/li>\n<li>Pensez a d\u00e9charger au maximum la\u00a0 batterie avant de la recharger (\u00e9viter les recharges partielles)<\/li>\n<li>\u00a0Par d\u00e9faut configurez le mode MSX (photo thermique + photo num\u00e9rique)\u00a0: le mode le plus simple et efficace pour des novices<\/li>\n<li>Pensez a r\u00e9cup\u00e9rer vos photos sur votre PC et \u00e0 les supprimer avant de rendre l\u2019appareil<\/li>\n<\/ol>\n","protected":false},"excerpt":{"rendered":"<p>Disponible \u00e0 partir du 02\/02, \u00e0 r\u00e9server aupr\u00e8s de C\u00e9line du CSE. Votre logement est-il bien isol\u00e9 ? Vous h\u00e9sitez sur les travaux d\u2019isolation prioritaires \u00e0 faire et qui permettent [&hellip;]<\/p>\n","protected":false},"author":2,"featured_media":20567,"comment_status":"open","ping_status":"closed","sticky":false,"template":"","format":"standard","meta":{"footnotes":""},"categories":[7,46,10,15,35],"tags":[],"class_list":["post-22959","post","type-post","status-publish","format-standard","has-post-thumbnail","hentry","category-bricotheque","category-camera-thermique","category-ecologie","category-logement","category-top_a_la_une"],"publishpress_future_action":{"enabled":false,"date":"2026-05-06 21:32:42","action":"category","newStatus":"draft","terms":[],"taxonomy":"category","extraData":[]},"publishpress_future_workflow_manual_trigger":{"enabledWorkflows":[]},"_links":{"self":[{"href":"https:\/\/www.ce-illkirch.fr\/wordpress\/wp-json\/wp\/v2\/posts\/22959","targetHints":{"allow":["GET"]}}],"collection":[{"href":"https:\/\/www.ce-illkirch.fr\/wordpress\/wp-json\/wp\/v2\/posts"}],"about":[{"href":"https:\/\/www.ce-illkirch.fr\/wordpress\/wp-json\/wp\/v2\/types\/post"}],"author":[{"embeddable":true,"href":"https:\/\/www.ce-illkirch.fr\/wordpress\/wp-json\/wp\/v2\/users\/2"}],"replies":[{"embeddable":true,"href":"https:\/\/www.ce-illkirch.fr\/wordpress\/wp-json\/wp\/v2\/comments?post=22959"}],"version-history":[{"count":8,"href":"https:\/\/www.ce-illkirch.fr\/wordpress\/wp-json\/wp\/v2\/posts\/22959\/revisions"}],"predecessor-version":[{"id":38752,"href":"https:\/\/www.ce-illkirch.fr\/wordpress\/wp-json\/wp\/v2\/posts\/22959\/revisions\/38752"}],"wp:featuredmedia":[{"embeddable":true,"href":"https:\/\/www.ce-illkirch.fr\/wordpress\/wp-json\/wp\/v2\/media\/20567"}],"wp:attachment":[{"href":"https:\/\/www.ce-illkirch.fr\/wordpress\/wp-json\/wp\/v2\/media?parent=22959"}],"wp:term":[{"taxonomy":"category","embeddable":true,"href":"https:\/\/www.ce-illkirch.fr\/wordpress\/wp-json\/wp\/v2\/categories?post=22959"},{"taxonomy":"post_tag","embeddable":true,"href":"https:\/\/www.ce-illkirch.fr\/wordpress\/wp-json\/wp\/v2\/tags?post=22959"}],"curies":[{"name":"wp","href":"https:\/\/api.w.org\/{rel}","templated":true}]}}