{"id":22983,"date":"2018-04-23T09:00:54","date_gmt":"2018-04-23T08:00:54","guid":{"rendered":"http:\/\/www.ce-illkirch.fr\/wordpress\/?p=14567"},"modified":"2026-04-14T10:43:11","modified_gmt":"2026-04-14T08:43:11","slug":"troc-plantes-a-erstein-dimanche-26-avril-2","status":"publish","type":"post","link":"https:\/\/www.ce-illkirch.fr\/wordpress\/2018\/04\/ecologie\/troc-plantes-a-erstein-dimanche-26-avril-2\/","title":{"rendered":"Troc plantes \u00e0 Erstein dimanche 29 avril 9h-12h"},"content":{"rendered":"<p>Les Eco-citoyens d&rsquo;Erstein et Canop&rsquo;Terre organisent un Troc Plantes dans les jardins de l&rsquo;h\u00f4tel de ville d&rsquo;Erstein dimanche 29 avril de 9h \u00e0 12h.<\/p>\n<p>Les \u00e9changes se font de gr\u00e9 \u00e0 gr\u00e9 ou \u00e0 l\u2019aide de la monnaie \u00e9ph\u00e9m\u00e8re du jour. On peut participer m\u00eame si l\u2019on a rien \u00e0 \u00e9changer.<\/p>\n<p>Apr\u00e8s le <strong>Troc Plantes le matin<\/strong>, et un pique-nique partag\u00e9 sur place, des <strong>animations sont pr\u00e9vues l&rsquo;apr\u00e8s-midi<\/strong> pour adultes et enfants. Visite du terrain de Canop&rsquo;Terre, d\u00e9parts en cal\u00e8che depuis la place de la mairie.<\/p>\n<p>Programme d\u00e9taill\u00e9 sur le site ECE<\/p>\n","protected":false},"excerpt":{"rendered":"<p>Les Eco-citoyens d&rsquo;Erstein et Canop&rsquo;Terre organisent un Troc Plantes dans les jardins de l&rsquo;h\u00f4tel de ville d&rsquo;Erstein dimanche 29 avril de 9h \u00e0 12h. Les \u00e9changes se font de gr\u00e9 [&hellip;]<\/p>\n","protected":false},"author":7,"featured_media":0,"comment_status":"open","ping_status":"closed","sticky":false,"template":"","format":"standard","meta":{"footnotes":""},"categories":[10,16,18,22],"tags":[],"class_list":["post-22983","post","type-post","status-publish","format-standard","hentry","category-ecologie","category-loisirs","category-loisirs-sorties","category-petites-annonces"],"publishpress_future_action":{"enabled":false,"date":"2026-05-07 20:00:43","action":"category","newStatus":"draft","terms":[],"taxonomy":"category","extraData":[]},"publishpress_future_workflow_manual_trigger":{"enabledWorkflows":[]},"_links":{"self":[{"href":"https:\/\/www.ce-illkirch.fr\/wordpress\/wp-json\/wp\/v2\/posts\/22983","targetHints":{"allow":["GET"]}}],"collection":[{"href":"https:\/\/www.ce-illkirch.fr\/wordpress\/wp-json\/wp\/v2\/posts"}],"about":[{"href":"https:\/\/www.ce-illkirch.fr\/wordpress\/wp-json\/wp\/v2\/types\/post"}],"author":[{"embeddable":true,"href":"https:\/\/www.ce-illkirch.fr\/wordpress\/wp-json\/wp\/v2\/users\/7"}],"replies":[{"embeddable":true,"href":"https:\/\/www.ce-illkirch.fr\/wordpress\/wp-json\/wp\/v2\/comments?post=22983"}],"version-history":[{"count":3,"href":"https:\/\/www.ce-illkirch.fr\/wordpress\/wp-json\/wp\/v2\/posts\/22983\/revisions"}],"predecessor-version":[{"id":39213,"href":"https:\/\/www.ce-illkirch.fr\/wordpress\/wp-json\/wp\/v2\/posts\/22983\/revisions\/39213"}],"wp:attachment":[{"href":"https:\/\/www.ce-illkirch.fr\/wordpress\/wp-json\/wp\/v2\/media?parent=22983"}],"wp:term":[{"taxonomy":"category","embeddable":true,"href":"https:\/\/www.ce-illkirch.fr\/wordpress\/wp-json\/wp\/v2\/categories?post=22983"},{"taxonomy":"post_tag","embeddable":true,"href":"https:\/\/www.ce-illkirch.fr\/wordpress\/wp-json\/wp\/v2\/tags?post=22983"}],"curies":[{"name":"wp","href":"https:\/\/api.w.org\/{rel}","templated":true}]}}