{"id":22986,"date":"2021-06-17T10:48:04","date_gmt":"2021-06-17T08:48:04","guid":{"rendered":"http:\/\/www.ce-illkirch.fr\/wordpress\/?p=17164"},"modified":"2021-06-17T17:13:25","modified_gmt":"2021-06-17T15:13:25","slug":"des-tomates-et-du-basilic-sur-le-site-2","status":"publish","type":"post","link":"https:\/\/www.ce-illkirch.fr\/wordpress\/2021\/06\/ecologie\/des-tomates-et-du-basilic-sur-le-site-2\/","title":{"rendered":"Des fraises au CSE, du jardin ALE"},"content":{"rendered":"<p><a href=\"http:\/\/www.ce-illkirch.fr\/wordpress\/wp-content\/uploads\/IncroyablesComestibles.jpg\"><img loading=\"lazy\" decoding=\"async\" class=\"alignleft size-full wp-image-17165\" src=\"http:\/\/www.ce-illkirch.fr\/wordpress\/wp-content\/uploads\/IncroyablesComestibles.jpg\" alt=\"IncroyablesComestibles\" width=\"211\" height=\"158\" \/><\/a><strong>de belles fraises sont \u00e0 la d\u00e9gustation au CSE : fraises provenant du jardin sur la terrasse de la caf\u00e9t. N&rsquo;h\u00e9sitez pas y faire un tour et cueillir des herbes aromatiques ou des fraises !<br \/>\n<\/strong><\/p>\n<p>Depuis 2016, nous semons et plantons dans les grands bacs ronds en b\u00e9ton sur la terrasse de la caf\u00e9t\u00e9ria, pour le plaisir des yeux et la r\u00e9colte de plantes aromatiques, fruits et l\u00e9gumes.<\/p>\n<p>Deux bacs \u00e0 compost (fabriqu\u00e9s ici en palettes de r\u00e9cup\u00e9ration) accueillent les \u00e9pluchures de cuisine du restaurant d&rsquo;entreprise. Le compost est ensuite pr\u00e9cieux pour enrichir la terre. Vous pouvez y apporter le marc de caf\u00e9.<\/p>\n<p>Il a aussi \u00e9t\u00e9 envisag\u00e9 d&rsquo;organiser un atelier de fabrication de bacs \u00e0 compost en palettes recycl\u00e9es. Signalez-vous si vous \u00eates int\u00e9ress\u00e9.<\/p>\n<p>N&rsquo;h\u00e9sitez pas \u00e0 rejoindre le groupe public de diffusion (interne ALE)<strong> O365\u00a0 Illkirch-jardin <\/strong>(les \u00e9changes passent par ce groupe), ou \u00e0 me contacter si vous voulez en savoir plus.<\/p>\n<p>A Barroux<\/p>\n","protected":false},"excerpt":{"rendered":"<p>de belles fraises sont \u00e0 la d\u00e9gustation au CSE : fraises provenant du jardin sur la terrasse de la caf\u00e9t. N&rsquo;h\u00e9sitez pas y faire un tour et cueillir des herbes [&hellip;]<\/p>\n","protected":false},"author":7,"featured_media":28748,"comment_status":"open","ping_status":"closed","sticky":false,"template":"","format":"standard","meta":{"footnotes":""},"categories":[10,16],"tags":[],"class_list":["post-22986","post","type-post","status-publish","format-standard","has-post-thumbnail","hentry","category-ecologie","category-loisirs"],"publishpress_future_action":{"enabled":false,"date":"2026-05-07 07:32:47","action":"category","newStatus":"draft","terms":[],"taxonomy":"category","extraData":[]},"publishpress_future_workflow_manual_trigger":{"enabledWorkflows":[]},"_links":{"self":[{"href":"https:\/\/www.ce-illkirch.fr\/wordpress\/wp-json\/wp\/v2\/posts\/22986","targetHints":{"allow":["GET"]}}],"collection":[{"href":"https:\/\/www.ce-illkirch.fr\/wordpress\/wp-json\/wp\/v2\/posts"}],"about":[{"href":"https:\/\/www.ce-illkirch.fr\/wordpress\/wp-json\/wp\/v2\/types\/post"}],"author":[{"embeddable":true,"href":"https:\/\/www.ce-illkirch.fr\/wordpress\/wp-json\/wp\/v2\/users\/7"}],"replies":[{"embeddable":true,"href":"https:\/\/www.ce-illkirch.fr\/wordpress\/wp-json\/wp\/v2\/comments?post=22986"}],"version-history":[{"count":2,"href":"https:\/\/www.ce-illkirch.fr\/wordpress\/wp-json\/wp\/v2\/posts\/22986\/revisions"}],"predecessor-version":[{"id":28754,"href":"https:\/\/www.ce-illkirch.fr\/wordpress\/wp-json\/wp\/v2\/posts\/22986\/revisions\/28754"}],"wp:featuredmedia":[{"embeddable":true,"href":"https:\/\/www.ce-illkirch.fr\/wordpress\/wp-json\/wp\/v2\/media\/28748"}],"wp:attachment":[{"href":"https:\/\/www.ce-illkirch.fr\/wordpress\/wp-json\/wp\/v2\/media?parent=22986"}],"wp:term":[{"taxonomy":"category","embeddable":true,"href":"https:\/\/www.ce-illkirch.fr\/wordpress\/wp-json\/wp\/v2\/categories?post=22986"},{"taxonomy":"post_tag","embeddable":true,"href":"https:\/\/www.ce-illkirch.fr\/wordpress\/wp-json\/wp\/v2\/tags?post=22986"}],"curies":[{"name":"wp","href":"https:\/\/api.w.org\/{rel}","templated":true}]}}