{"id":22990,"date":"2018-05-04T09:40:09","date_gmt":"2018-05-04T08:40:09","guid":{"rendered":"http:\/\/www.ce-illkirch.fr\/wordpress\/?p=9273"},"modified":"2023-02-16T16:46:18","modified_gmt":"2023-02-16T15:46:18","slug":"foire-eco-bio-de-colmar-du-8-au-12-mai-2013-2","status":"publish","type":"post","link":"https:\/\/www.ce-illkirch.fr\/wordpress\/2018\/05\/ecologie\/foire-eco-bio-de-colmar-du-8-au-12-mai-2013-2\/","title":{"rendered":"Foire \u00e9co-bio d&rsquo;Alsace du 10 au 13 mai 2018"},"content":{"rendered":"<p>\u00a0Du <strong>mercredi 10 au dimanche 13 mai<\/strong> au Parc de Expositions de Colmar. 4 jours de conf\u00e9rences, de cin\u00e9ma, d\u2019animations, d\u2019ateliers et de concerts. 480 exposants , un d\u00e9dale de stands agricoles, alimentaires, \u00e9ducatifs, culturels\u2026<\/p>\n<p>Th\u00e8me cette ann\u00e9e : <strong><a href=\"http:\/\/www.ecobio.alsace\" target=\"_blank\" rel=\"noopener\">Quel futur pour le travail ?<\/a><\/strong><\/p>\n<p>Retrouvez les associations de Transition d&rsquo;Alsace \u00e0 l&rsquo;espace Transition, et apportez votre contribution dans la <b>zone de gratuit\u00e9<\/b> : tout objet en bon \u00e9tat dont vous n&rsquo;avez plus l&rsquo;utilit\u00e9, qui pourra servir \u00e0 d&rsquo;autres.<\/p>\n","protected":false},"excerpt":{"rendered":"<p>\u00a0Du mercredi 10 au dimanche 13 mai au Parc de Expositions de Colmar. 4 jours de conf\u00e9rences, de cin\u00e9ma, d\u2019animations, d\u2019ateliers et de concerts. 480 exposants , un d\u00e9dale de [&hellip;]<\/p>\n","protected":false},"author":7,"featured_media":0,"comment_status":"open","ping_status":"closed","sticky":false,"template":"","format":"standard","meta":{"footnotes":""},"categories":[10,16],"tags":[],"class_list":["post-22990","post","type-post","status-publish","format-standard","hentry","category-ecologie","category-loisirs"],"publishpress_future_action":{"enabled":false,"date":"2026-05-07 20:00:43","action":"category","newStatus":"draft","terms":[],"taxonomy":"category","extraData":[]},"publishpress_future_workflow_manual_trigger":{"enabledWorkflows":[]},"_links":{"self":[{"href":"https:\/\/www.ce-illkirch.fr\/wordpress\/wp-json\/wp\/v2\/posts\/22990","targetHints":{"allow":["GET"]}}],"collection":[{"href":"https:\/\/www.ce-illkirch.fr\/wordpress\/wp-json\/wp\/v2\/posts"}],"about":[{"href":"https:\/\/www.ce-illkirch.fr\/wordpress\/wp-json\/wp\/v2\/types\/post"}],"author":[{"embeddable":true,"href":"https:\/\/www.ce-illkirch.fr\/wordpress\/wp-json\/wp\/v2\/users\/7"}],"replies":[{"embeddable":true,"href":"https:\/\/www.ce-illkirch.fr\/wordpress\/wp-json\/wp\/v2\/comments?post=22990"}],"version-history":[{"count":3,"href":"https:\/\/www.ce-illkirch.fr\/wordpress\/wp-json\/wp\/v2\/posts\/22990\/revisions"}],"predecessor-version":[{"id":32625,"href":"https:\/\/www.ce-illkirch.fr\/wordpress\/wp-json\/wp\/v2\/posts\/22990\/revisions\/32625"}],"wp:attachment":[{"href":"https:\/\/www.ce-illkirch.fr\/wordpress\/wp-json\/wp\/v2\/media?parent=22990"}],"wp:term":[{"taxonomy":"category","embeddable":true,"href":"https:\/\/www.ce-illkirch.fr\/wordpress\/wp-json\/wp\/v2\/categories?post=22990"},{"taxonomy":"post_tag","embeddable":true,"href":"https:\/\/www.ce-illkirch.fr\/wordpress\/wp-json\/wp\/v2\/tags?post=22990"}],"curies":[{"name":"wp","href":"https:\/\/api.w.org\/{rel}","templated":true}]}}