{"id":22993,"date":"2018-05-02T08:03:59","date_gmt":"2018-05-02T07:03:59","guid":{"rendered":"http:\/\/www.ce-illkirch.fr\/wordpress\/?p=14530"},"modified":"2023-02-16T16:51:31","modified_gmt":"2023-02-16T15:51:31","slug":"courses-2","status":"publish","type":"post","link":"https:\/\/www.ce-illkirch.fr\/wordpress\/2018\/05\/scabsi\/courses-2\/","title":{"rendered":"Courses d&rsquo;Epfig 10\/06\/18"},"content":{"rendered":"<p><a href=\"http:\/\/www.ce-illkirch.fr\/wordpress\/wp-content\/uploads\/epfig17.jpg\"><img loading=\"lazy\" decoding=\"async\" class=\"alignleft size-full wp-image-19759\" alt=\"epfig17\" src=\"http:\/\/www.ce-illkirch.fr\/wordpress\/wp-content\/uploads\/epfig17.jpg\" width=\"158\" height=\"199\" \/><\/a>Course des Foul\u00e9es Epfigeoises <strong>dimanche 10 juin 2018<\/strong> pour le 25 \u00e9me anniversaire des Foul\u00e9es Epfigeoises- au profit de Trans&rsquo;forme don d&rsquo;organes.<\/p>\n<p>Les foul\u00e9es c\u2019est quelques 250 b\u00e9n\u00e9voles le jour de la course et quelques 1000 coureurs et l\u2019int\u00e9gralit\u00e9 de la recette est revers\u00e9e \u00e0 TRANSFORME.<\/p>\n<p>Trans-Forme poursuit en parall\u00e8le 3 objectifs r\u00e9habiliter les transplant\u00e9s et les dialys\u00e9s par l&rsquo;activit\u00e9 physique et sportive\u00a0; sensibiliser le grand public\u00a0; favoriser la recherche m\u00e9dico-sportive autour du transplant\u00e9 et du dialys\u00e9.<\/p>\n<p><strong><i>5km &#8211; 10km -s<\/i><i>emi marathon &#8211; course enfants <\/i><\/strong><\/p>\n<p>Inscriptions aupr\u00e8s de Claude Schmitt, prise en charge par le club sportif ASALI. <a href=\"https:\/\/www.ce-illkirch.fr\/wordpress\/wp-content\/uploads\/Bul-Ins.jpg\" target=\"_blank\" rel=\"noopener\">Bulletin d&rsquo;inscription<\/a><\/p>\n<p><a href=\"http:\/\/www.ce-illkirch.fr\/wordpress\/wp-content\/uploads\/cartedonneur-300x941.gif\"><img loading=\"lazy\" decoding=\"async\" class=\"alignleft size-full wp-image-11987\" alt=\"cartedonneur-300x94\" src=\"http:\/\/www.ce-illkirch.fr\/wordpress\/wp-content\/uploads\/cartedonneur-300x941.gif\" width=\"249\" height=\"78\" \/><\/a>+ d&rsquo;infos Jean-Luc Carl.<\/p>\n","protected":false},"excerpt":{"rendered":"<p>Course des Foul\u00e9es Epfigeoises dimanche 10 juin 2018 pour le 25 \u00e9me anniversaire des Foul\u00e9es Epfigeoises- au profit de Trans&rsquo;forme don d&rsquo;organes. Les foul\u00e9es c\u2019est quelques 250 b\u00e9n\u00e9voles le jour [&hellip;]<\/p>\n","protected":false},"author":2,"featured_media":0,"comment_status":"open","ping_status":"closed","sticky":false,"template":"","format":"standard","meta":{"footnotes":""},"categories":[45,29],"tags":[],"class_list":["post-22993","post","type-post","status-publish","format-standard","hentry","category-athle","category-scabsi"],"publishpress_future_action":{"enabled":false,"date":"2026-05-07 09:00:18","action":"category","newStatus":"draft","terms":[],"taxonomy":"category","extraData":[]},"publishpress_future_workflow_manual_trigger":{"enabledWorkflows":[]},"_links":{"self":[{"href":"https:\/\/www.ce-illkirch.fr\/wordpress\/wp-json\/wp\/v2\/posts\/22993","targetHints":{"allow":["GET"]}}],"collection":[{"href":"https:\/\/www.ce-illkirch.fr\/wordpress\/wp-json\/wp\/v2\/posts"}],"about":[{"href":"https:\/\/www.ce-illkirch.fr\/wordpress\/wp-json\/wp\/v2\/types\/post"}],"author":[{"embeddable":true,"href":"https:\/\/www.ce-illkirch.fr\/wordpress\/wp-json\/wp\/v2\/users\/2"}],"replies":[{"embeddable":true,"href":"https:\/\/www.ce-illkirch.fr\/wordpress\/wp-json\/wp\/v2\/comments?post=22993"}],"version-history":[{"count":1,"href":"https:\/\/www.ce-illkirch.fr\/wordpress\/wp-json\/wp\/v2\/posts\/22993\/revisions"}],"predecessor-version":[{"id":32675,"href":"https:\/\/www.ce-illkirch.fr\/wordpress\/wp-json\/wp\/v2\/posts\/22993\/revisions\/32675"}],"wp:attachment":[{"href":"https:\/\/www.ce-illkirch.fr\/wordpress\/wp-json\/wp\/v2\/media?parent=22993"}],"wp:term":[{"taxonomy":"category","embeddable":true,"href":"https:\/\/www.ce-illkirch.fr\/wordpress\/wp-json\/wp\/v2\/categories?post=22993"},{"taxonomy":"post_tag","embeddable":true,"href":"https:\/\/www.ce-illkirch.fr\/wordpress\/wp-json\/wp\/v2\/tags?post=22993"}],"curies":[{"name":"wp","href":"https:\/\/api.w.org\/{rel}","templated":true}]}}