{"id":23005,"date":"2019-06-19T09:26:55","date_gmt":"2019-06-19T07:26:55","guid":{"rendered":"http:\/\/www.ce-illkirch.fr\/wordpress\/?p=9576"},"modified":"2019-06-24T10:24:01","modified_gmt":"2019-06-24T08:24:01","slug":"fete-de-la-musique-2-2","status":"publish","type":"post","link":"https:\/\/www.ce-illkirch.fr\/wordpress\/2019\/06\/bibliotheque\/fete-de-la-musique-2-2\/","title":{"rendered":"F\u00eate de la Musique 21\/06 12h \u00e0 l&rsquo;amphi"},"content":{"rendered":"<p>Tous \u00e0 l&rsquo;amphi <strong>vendredi 21 Juin \u00e0 12h<\/strong> pour un moment de partage et de joie\u00a0:<\/p>\n<p>punch planteur&#8230;&#8230;&#8230;concert de nos coll\u00e8gues musiciens !<\/p>\n<p>biblioth\u00e8que ferm\u00e9e vendredi\u00a0: tous \u00e0 l\u2019amphi\u00a0!<\/p>\n","protected":false},"excerpt":{"rendered":"<p>Tous \u00e0 l&rsquo;amphi vendredi 21 Juin \u00e0 12h pour un moment de partage et de joie\u00a0: punch planteur&#8230;&#8230;&#8230;concert de nos coll\u00e8gues musiciens ! biblioth\u00e8que ferm\u00e9e vendredi\u00a0: tous \u00e0 l\u2019amphi\u00a0!<\/p>\n","protected":false},"author":1,"featured_media":23883,"comment_status":"open","ping_status":"closed","sticky":false,"template":"","format":"standard","meta":{"footnotes":""},"categories":[5,51,16],"tags":[],"class_list":["post-23005","post","type-post","status-publish","format-standard","has-post-thumbnail","hentry","category-bibliotheque","category-groupe-vocal","category-loisirs"],"publishpress_future_action":{"enabled":false,"date":"2026-05-07 14:21:27","action":"category","newStatus":"draft","terms":[],"taxonomy":"category","extraData":[]},"publishpress_future_workflow_manual_trigger":{"enabledWorkflows":[]},"_links":{"self":[{"href":"https:\/\/www.ce-illkirch.fr\/wordpress\/wp-json\/wp\/v2\/posts\/23005","targetHints":{"allow":["GET"]}}],"collection":[{"href":"https:\/\/www.ce-illkirch.fr\/wordpress\/wp-json\/wp\/v2\/posts"}],"about":[{"href":"https:\/\/www.ce-illkirch.fr\/wordpress\/wp-json\/wp\/v2\/types\/post"}],"author":[{"embeddable":true,"href":"https:\/\/www.ce-illkirch.fr\/wordpress\/wp-json\/wp\/v2\/users\/1"}],"replies":[{"embeddable":true,"href":"https:\/\/www.ce-illkirch.fr\/wordpress\/wp-json\/wp\/v2\/comments?post=23005"}],"version-history":[{"count":6,"href":"https:\/\/www.ce-illkirch.fr\/wordpress\/wp-json\/wp\/v2\/posts\/23005\/revisions"}],"predecessor-version":[{"id":25424,"href":"https:\/\/www.ce-illkirch.fr\/wordpress\/wp-json\/wp\/v2\/posts\/23005\/revisions\/25424"}],"wp:featuredmedia":[{"embeddable":true,"href":"https:\/\/www.ce-illkirch.fr\/wordpress\/wp-json\/wp\/v2\/media\/23883"}],"wp:attachment":[{"href":"https:\/\/www.ce-illkirch.fr\/wordpress\/wp-json\/wp\/v2\/media?parent=23005"}],"wp:term":[{"taxonomy":"category","embeddable":true,"href":"https:\/\/www.ce-illkirch.fr\/wordpress\/wp-json\/wp\/v2\/categories?post=23005"},{"taxonomy":"post_tag","embeddable":true,"href":"https:\/\/www.ce-illkirch.fr\/wordpress\/wp-json\/wp\/v2\/tags?post=23005"}],"curies":[{"name":"wp","href":"https:\/\/api.w.org\/{rel}","templated":true}]}}