{"id":23012,"date":"2018-06-21T13:04:09","date_gmt":"2018-06-21T12:04:09","guid":{"rendered":"http:\/\/www.ce-illkirch.fr\/wordpress\/?p=19935"},"modified":"2018-08-03T10:10:26","modified_gmt":"2018-08-03T08:10:26","slug":"pensez-a-deposer-vos-dossiers-subvention-enfant-2","status":"publish","type":"post","link":"https:\/\/www.ce-illkirch.fr\/wordpress\/2018\/06\/53\/pensez-a-deposer-vos-dossiers-subvention-enfant-2\/","title":{"rendered":"Pensez \u00e0 d\u00e9poser vos dossiers subvention enfant !"},"content":{"rendered":"<p><a href=\"http:\/\/www.ce-illkirch.fr\/wordpress\/wp-content\/uploads\/enfants3.jpg\"><img loading=\"lazy\" decoding=\"async\" class=\"alignleft size-full wp-image-16715\" src=\"http:\/\/www.ce-illkirch.fr\/wordpress\/wp-content\/uploads\/enfants3.jpg\" alt=\"enfants\" width=\"225\" height=\"225\" \/><\/a>Si votre enfant a particip\u00e9 \u00e0 un s\u00e9jour, centre a\u00e9r\u00e9 ou une activit\u00e9 extra-scolaire durant l&rsquo;ann\u00e9e, pensez \u00e0 d\u00e9poser votre demande de subvention au CE avant le 30\/06<b>. <\/b>Merci de ne pas transmettre les documents\u00a0 par mail<strong>, mais de les d\u00e9poser au C.E<\/strong>. sur mon bureau ou dans la bo\u00eete aux lettres.<\/p>\n<p>Si vous n&rsquo;avez pas les documents pr\u00e9venez Wanita.<\/p>\n<p>Un bordereau de virement vous sera transmis sur simple demande. N\u2019h\u00e9sitez pas \u00e0 me contacter pour tout renseignement compl\u00e9mentaire.<\/p>\n<p><strong>Wanita Anthonee &#8211; T\u00e9l.218 77301<\/strong><\/p>\n<p>Et pour les activit\u00e9s de l&rsquo;\u00e9t\u00e9, pensez \u00e0 pr\u00e9inscrire votre enfant par mail<b>. <a href=\"http:\/\/www.ce-illkirch.fr\/wordpress\/activites-enfants\/\" target=\"_blank\" rel=\"noopener\">+ d&rsquo;infos<\/a><\/b><\/p>\n","protected":false},"excerpt":{"rendered":"<p>Si votre enfant a particip\u00e9 \u00e0 un s\u00e9jour, centre a\u00e9r\u00e9 ou une activit\u00e9 extra-scolaire durant l&rsquo;ann\u00e9e, pensez \u00e0 d\u00e9poser votre demande de subvention au CE avant le 30\/06. Merci de [&hellip;]<\/p>\n","protected":false},"author":7,"featured_media":47,"comment_status":"open","ping_status":"closed","sticky":false,"template":"","format":"standard","meta":{"footnotes":""},"categories":[4,8,33],"tags":[],"class_list":["post-23012","post","type-post","status-publish","format-standard","has-post-thumbnail","hentry","category-4","category-colonies-de-vacances-53","category-subventions-ce"],"publishpress_future_action":{"enabled":false,"date":"2026-05-07 00:45:24","action":"category","newStatus":"draft","terms":[],"taxonomy":"category","extraData":[]},"publishpress_future_workflow_manual_trigger":{"enabledWorkflows":[]},"_links":{"self":[{"href":"https:\/\/www.ce-illkirch.fr\/wordpress\/wp-json\/wp\/v2\/posts\/23012","targetHints":{"allow":["GET"]}}],"collection":[{"href":"https:\/\/www.ce-illkirch.fr\/wordpress\/wp-json\/wp\/v2\/posts"}],"about":[{"href":"https:\/\/www.ce-illkirch.fr\/wordpress\/wp-json\/wp\/v2\/types\/post"}],"author":[{"embeddable":true,"href":"https:\/\/www.ce-illkirch.fr\/wordpress\/wp-json\/wp\/v2\/users\/7"}],"replies":[{"embeddable":true,"href":"https:\/\/www.ce-illkirch.fr\/wordpress\/wp-json\/wp\/v2\/comments?post=23012"}],"version-history":[{"count":2,"href":"https:\/\/www.ce-illkirch.fr\/wordpress\/wp-json\/wp\/v2\/posts\/23012\/revisions"}],"predecessor-version":[{"id":31242,"href":"https:\/\/www.ce-illkirch.fr\/wordpress\/wp-json\/wp\/v2\/posts\/23012\/revisions\/31242"}],"wp:featuredmedia":[{"embeddable":true,"href":"https:\/\/www.ce-illkirch.fr\/wordpress\/wp-json\/wp\/v2\/media\/47"}],"wp:attachment":[{"href":"https:\/\/www.ce-illkirch.fr\/wordpress\/wp-json\/wp\/v2\/media?parent=23012"}],"wp:term":[{"taxonomy":"category","embeddable":true,"href":"https:\/\/www.ce-illkirch.fr\/wordpress\/wp-json\/wp\/v2\/categories?post=23012"},{"taxonomy":"post_tag","embeddable":true,"href":"https:\/\/www.ce-illkirch.fr\/wordpress\/wp-json\/wp\/v2\/tags?post=23012"}],"curies":[{"name":"wp","href":"https:\/\/api.w.org\/{rel}","templated":true}]}}