{"id":23017,"date":"2018-06-25T08:16:44","date_gmt":"2018-06-25T07:16:44","guid":{"rendered":"http:\/\/www.ce-illkirch.fr\/wordpress\/?p=11986"},"modified":"2018-06-25T08:16:44","modified_gmt":"2018-06-25T07:16:44","slug":"la-course-pour-le-don-dorganes-2","status":"publish","type":"post","link":"https:\/\/www.ce-illkirch.fr\/wordpress\/2018\/06\/scabsi\/la-course-pour-le-don-dorganes-2\/","title":{"rendered":"La course pour le don d&rsquo;organes"},"content":{"rendered":"<p><!--[if gte mso 9]><xml>\n<w:WordDocument>\n<w:View>Normal<\/w:View>\n<w:Zoom>0<\/w:Zoom>\n<w:TrackMoves\/>\n<w:TrackFormatting\/>\n<w:PunctuationKerning\/>\n<w:ValidateAgainstSchemas\/>\n<w:SaveIfXMLInvalid>false<\/w:SaveIfXMLInvalid>\n<w:IgnoreMixedContent>false<\/w:IgnoreMixedContent>\n<w:AlwaysShowPlaceholderText>false<\/w:AlwaysShowPlaceholderText>\n<w:DoNotPromoteQF\/>\n<w:LidThemeOther>EN-US<\/w:LidThemeOther>\n<w:LidThemeAsian>X-NONE<\/w:LidThemeAsian>\n<w:LidThemeComplexScript>X-NONE<\/w:LidThemeComplexScript>\n<w:Compatibility>\n<w:BreakWrappedTables\/>\n<w:SnapToGridInCell\/>\n<w:WrapTextWithPunct\/>\n<w:UseAsianBreakRules\/>\n<w:DontGrowAutofit\/>\n<w:SplitPgBreakAndParaMark\/>\n<w:DontVertAlignCellWithSp\/>\n<w:DontBreakConstrainedForcedTables\/>\n<w:DontVertAlignInTxbx\/>\n<w:Word11KerningPairs\/>\n<w:CachedColBalance\/>\n<\/w:Compatibility>\n<w:BrowserLevel>MicrosoftInternetExplorer4<\/w:BrowserLevel>\n<m:mathPr>\n<m:mathFont m:val=\"Cambria Math\"\/>\n<m:brkBin m:val=\"before\"\/>\n<m:brkBinSub m:val=\"&#45;-\"\/>\n<m:smallFrac m:val=\"off\"\/>\n<m:dispDef\/>\n<m:lMargin m:val=\"0\"\/>\n<m:rMargin m:val=\"0\"\/>\n<m:defJc m:val=\"centerGroup\"\/>\n<m:wrapIndent m:val=\"1440\"\/>\n<m:intLim m:val=\"subSup\"\/>\n<m:naryLim m:val=\"undOvr\"\/>\n<\/m:mathPr><\/w:WordDocument>\n<\/xml><![endif]--><\/p>\n<p class=\"MsoNormal\"><strong><span lang=\"FR\" style=\"color: #0000ff;\"><a href=\"https:\/\/www.ce-illkirch.fr\/wordpress\/wp-content\/uploads\/Photo_groupe_Anne_Laure_Annie_et_Marc.jpg\"><img loading=\"lazy\" decoding=\"async\" class=\"alignleft  wp-image-22621\" alt=\"Photo_groupe_Anne_Laure_Annie_et_Marc\" src=\"https:\/\/www.ce-illkirch.fr\/wordpress\/wp-content\/uploads\/Photo_groupe_Anne_Laure_Annie_et_Marc.jpg\" width=\"325\" height=\"217\" \/><\/a>Tout d\u2019abord un grand merci aux organisateurs dont Jean-Luc est le repr\u00e9sentant chez nous.<br \/>\n<\/span><\/strong><\/p>\n<p>Merci aux coureurs d&rsquo; ALE d\u2019avoir particip\u00e9 \u00e0 la 25 \u00e9me \u00e9dition des foul\u00e9es epfigeoises et de , par cet \u00e9v\u00e8nement, promouvoir le don d\u2019organes.<\/p>\n<p>Un grand MERCI au nom du comit\u00e9 des Foul\u00e9es epfigeoises .<\/p>\n<p><strong>Jean-Luc CARL<\/strong><\/p>\n<p><a href=\"http:\/\/www.ce-illkirch.fr\/wordpress\/wp-content\/uploads\/cartedonneur-300x941.gif\">site internet<\/a><\/p>\n<p><img loading=\"lazy\" decoding=\"async\" class=\"alignleft size-full wp-image-11987\" alt=\"cartedonneur-300x94\" src=\"http:\/\/www.ce-illkirch.fr\/wordpress\/wp-content\/uploads\/cartedonneur-300x941.gif\" width=\"300\" height=\"94\" \/>Don d&rsquo;organes : Pour r\u00e9duire le nombre de pr\u00e9l\u00e8vements refus\u00e9s,\u00a0parlez-en \u00e0 votre entourage. <strong>Un donneur permet de greffer quatre malades.<\/strong><\/p>\n<p>Imprimez le mod\u00e8le de <strong>carte de donneur <\/strong>ci-dessous et conservez-la toujours sur vous.<\/p>\n<p><!--[if !mso]>\n\n\n\n<style>\nv\\:* {behavior:url(#default#VML);}\no\\:* {behavior:url(#default#VML);}\nw\\:* {behavior:url(#default#VML);}\n.shape {behavior:url(#default#VML);}\n<\/style>\n\n<![endif]--><\/p>\n","protected":false},"excerpt":{"rendered":"<p>Tout d\u2019abord un grand merci aux organisateurs dont Jean-Luc est le repr\u00e9sentant chez nous. Merci aux coureurs d&rsquo; ALE d\u2019avoir particip\u00e9 \u00e0 la 25 \u00e9me \u00e9dition des foul\u00e9es epfigeoises et [&hellip;]<\/p>\n","protected":false},"author":2,"featured_media":0,"comment_status":"open","ping_status":"closed","sticky":false,"template":"","format":"standard","meta":{"footnotes":""},"categories":[45,29],"tags":[],"class_list":["post-23017","post","type-post","status-publish","format-standard","hentry","category-athle","category-scabsi"],"publishpress_future_action":{"enabled":false,"date":"2026-05-07 07:31:00","action":"category","newStatus":"draft","terms":[],"taxonomy":"category","extraData":[]},"publishpress_future_workflow_manual_trigger":{"enabledWorkflows":[]},"_links":{"self":[{"href":"https:\/\/www.ce-illkirch.fr\/wordpress\/wp-json\/wp\/v2\/posts\/23017","targetHints":{"allow":["GET"]}}],"collection":[{"href":"https:\/\/www.ce-illkirch.fr\/wordpress\/wp-json\/wp\/v2\/posts"}],"about":[{"href":"https:\/\/www.ce-illkirch.fr\/wordpress\/wp-json\/wp\/v2\/types\/post"}],"author":[{"embeddable":true,"href":"https:\/\/www.ce-illkirch.fr\/wordpress\/wp-json\/wp\/v2\/users\/2"}],"replies":[{"embeddable":true,"href":"https:\/\/www.ce-illkirch.fr\/wordpress\/wp-json\/wp\/v2\/comments?post=23017"}],"version-history":[{"count":0,"href":"https:\/\/www.ce-illkirch.fr\/wordpress\/wp-json\/wp\/v2\/posts\/23017\/revisions"}],"wp:attachment":[{"href":"https:\/\/www.ce-illkirch.fr\/wordpress\/wp-json\/wp\/v2\/media?parent=23017"}],"wp:term":[{"taxonomy":"category","embeddable":true,"href":"https:\/\/www.ce-illkirch.fr\/wordpress\/wp-json\/wp\/v2\/categories?post=23017"},{"taxonomy":"post_tag","embeddable":true,"href":"https:\/\/www.ce-illkirch.fr\/wordpress\/wp-json\/wp\/v2\/tags?post=23017"}],"curies":[{"name":"wp","href":"https:\/\/api.w.org\/{rel}","templated":true}]}}