{"id":23799,"date":"2018-10-04T14:58:37","date_gmt":"2018-10-04T12:58:37","guid":{"rendered":"https:\/\/www.ce-illkirch.fr\/wp2017\/?p=23799"},"modified":"2018-10-04T14:58:37","modified_gmt":"2018-10-04T12:58:37","slug":"les-quatre-saisons-nouvelle-formule","status":"publish","type":"post","link":"https:\/\/www.ce-illkirch.fr\/wordpress\/2018\/10\/bibliotheque\/les-quatre-saisons-nouvelle-formule\/","title":{"rendered":"Les Quatre Saisons nouvelle formule !"},"content":{"rendered":"<p><strong style=\"color: #e94282;\">le num\u00e9ro sept-oct 2018 vous attend \u00e0 la biblioth\u00e8que du CE.<\/strong><\/p>\n<div id=\"par49879\">\n<h4>Par et pour les passionn\u00e9s de jardin et d\u2019\u00e9cologie<\/h4>\n<p>Tous les deux mois, 100 pages d\u2019informations \u00e9colo pour r\u00e9colter des id\u00e9es, comprendre et agir.<\/p>\n<\/div>\n<h3>D\u00e9couvrez les 4 Saisons et ceux qui la font dans cette <a title=\"Les quatre saisons, jardin bio, permaculture, alternatives\" href=\"https:\/\/youtu.be\/XDcwysC1G1g\" target=\"_blank\" rel=\"noopener\">vid\u00e9o<\/a> !<\/h3>\n<p>Potager, verger, petit \u00e9levage, habitat, alimentation\u00a0: <em><strong>Les 4 saisons<\/strong><\/em> vous donne toutes les cl\u00e9s pour faire le maximum de choses vous-m\u00eame et agir au quotidien pour un monde plus \u00e9cologique. C\u2019est le seul magazine qui vous aide \u00e0 \u00eatre plus autonome, m\u00eame en ville\u00a0!<\/p>\n","protected":false},"excerpt":{"rendered":"<p>le num\u00e9ro sept-oct 2018 vous attend \u00e0 la biblioth\u00e8que du CE. Par et pour les passionn\u00e9s de jardin et d\u2019\u00e9cologie Tous les deux mois, 100 pages d\u2019informations \u00e9colo pour r\u00e9colter [&hellip;]<\/p>\n","protected":false},"author":7,"featured_media":23800,"comment_status":"closed","ping_status":"open","sticky":false,"template":"","format":"standard","meta":{"footnotes":""},"categories":[5,10],"tags":[],"class_list":["post-23799","post","type-post","status-publish","format-standard","has-post-thumbnail","hentry","category-bibliotheque","category-ecologie"],"publishpress_future_action":{"enabled":false,"date":"2026-05-07 18:30:05","action":"category","newStatus":"draft","terms":[],"taxonomy":"category","extraData":[]},"publishpress_future_workflow_manual_trigger":{"enabledWorkflows":[]},"_links":{"self":[{"href":"https:\/\/www.ce-illkirch.fr\/wordpress\/wp-json\/wp\/v2\/posts\/23799","targetHints":{"allow":["GET"]}}],"collection":[{"href":"https:\/\/www.ce-illkirch.fr\/wordpress\/wp-json\/wp\/v2\/posts"}],"about":[{"href":"https:\/\/www.ce-illkirch.fr\/wordpress\/wp-json\/wp\/v2\/types\/post"}],"author":[{"embeddable":true,"href":"https:\/\/www.ce-illkirch.fr\/wordpress\/wp-json\/wp\/v2\/users\/7"}],"replies":[{"embeddable":true,"href":"https:\/\/www.ce-illkirch.fr\/wordpress\/wp-json\/wp\/v2\/comments?post=23799"}],"version-history":[{"count":1,"href":"https:\/\/www.ce-illkirch.fr\/wordpress\/wp-json\/wp\/v2\/posts\/23799\/revisions"}],"predecessor-version":[{"id":23801,"href":"https:\/\/www.ce-illkirch.fr\/wordpress\/wp-json\/wp\/v2\/posts\/23799\/revisions\/23801"}],"wp:featuredmedia":[{"embeddable":true,"href":"https:\/\/www.ce-illkirch.fr\/wordpress\/wp-json\/wp\/v2\/media\/23800"}],"wp:attachment":[{"href":"https:\/\/www.ce-illkirch.fr\/wordpress\/wp-json\/wp\/v2\/media?parent=23799"}],"wp:term":[{"taxonomy":"category","embeddable":true,"href":"https:\/\/www.ce-illkirch.fr\/wordpress\/wp-json\/wp\/v2\/categories?post=23799"},{"taxonomy":"post_tag","embeddable":true,"href":"https:\/\/www.ce-illkirch.fr\/wordpress\/wp-json\/wp\/v2\/tags?post=23799"}],"curies":[{"name":"wp","href":"https:\/\/api.w.org\/{rel}","templated":true}]}}