{"id":23818,"date":"2022-11-17T11:39:30","date_gmt":"2022-11-17T10:39:30","guid":{"rendered":"https:\/\/www.ce-illkirch.fr\/wp2017\/?p=23818"},"modified":"2022-12-05T15:15:50","modified_gmt":"2022-12-05T14:15:50","slug":"fete-de-noel-pour-adultes-et-enfants","status":"publish","type":"post","link":"https:\/\/www.ce-illkirch.fr\/wordpress\/2022\/11\/billet\/fete-de-noel-pour-adultes-et-enfants\/","title":{"rendered":"F\u00eate de No\u00ebl  27\/11 ou 4\/12"},"content":{"rendered":"<p>La commission loisirs vous propose la f\u00eate de No\u00ebl au Vaisseau \u00e0 Strasbourg,<strong> dimanche 27\/11 ou 4\/12 de 14h \u00e0 18h<\/strong>.<\/p>\n<p><strong>&gt;&gt;&gt;&gt; Priorit\u00e9 aux salari\u00e9s et leurs ayant-droits jusqu&rsquo;au 14\/11. Ouverture aux salari\u00e9s et leurs petits enfants du 15 au 21\/11.<\/strong><\/p>\n<p>Activit\u00e9s du Vaisseau : Les sciences en s&rsquo;amusant \/ Spectacle de magie \u00e0 14h30 \/ Go\u00fbter \u00e0 16h30<\/p>\n<p><strong>Tarif 2\u20ac<\/strong> par pers.<\/p>\n<p><a href=\"https:\/\/www.ce-illkirch.fr\/wordpress\/wp-content\/uploads\/2021\/12\/22noel_details.pdf\" target=\"_blank\" rel=\"noopener\">D\u00e9tails<\/a><\/p>\n","protected":false},"excerpt":{"rendered":"<p>La commission loisirs vous propose la f\u00eate de No\u00ebl au Vaisseau \u00e0 Strasbourg, dimanche 27\/11 ou 4\/12 de 14h \u00e0 18h. &gt;&gt;&gt;&gt; Priorit\u00e9 aux salari\u00e9s et leurs ayant-droits jusqu&rsquo;au 14\/11. [&hellip;]<\/p>\n","protected":false},"author":7,"featured_media":31391,"comment_status":"closed","ping_status":"open","sticky":false,"template":"","format":"standard","meta":{"footnotes":""},"categories":[6,16,17,18],"tags":[],"class_list":["post-23818","post","type-post","status-publish","format-standard","has-post-thumbnail","hentry","category-billet","category-loisirs","category-loisirs-subvention-theatre","category-loisirs-sorties"],"publishpress_future_action":{"enabled":false,"date":"2026-05-07 08:00:55","action":"category","newStatus":"draft","terms":[],"taxonomy":"category","extraData":[]},"publishpress_future_workflow_manual_trigger":{"enabledWorkflows":[]},"_links":{"self":[{"href":"https:\/\/www.ce-illkirch.fr\/wordpress\/wp-json\/wp\/v2\/posts\/23818","targetHints":{"allow":["GET"]}}],"collection":[{"href":"https:\/\/www.ce-illkirch.fr\/wordpress\/wp-json\/wp\/v2\/posts"}],"about":[{"href":"https:\/\/www.ce-illkirch.fr\/wordpress\/wp-json\/wp\/v2\/types\/post"}],"author":[{"embeddable":true,"href":"https:\/\/www.ce-illkirch.fr\/wordpress\/wp-json\/wp\/v2\/users\/7"}],"replies":[{"embeddable":true,"href":"https:\/\/www.ce-illkirch.fr\/wordpress\/wp-json\/wp\/v2\/comments?post=23818"}],"version-history":[{"count":25,"href":"https:\/\/www.ce-illkirch.fr\/wordpress\/wp-json\/wp\/v2\/posts\/23818\/revisions"}],"predecessor-version":[{"id":31553,"href":"https:\/\/www.ce-illkirch.fr\/wordpress\/wp-json\/wp\/v2\/posts\/23818\/revisions\/31553"}],"wp:featuredmedia":[{"embeddable":true,"href":"https:\/\/www.ce-illkirch.fr\/wordpress\/wp-json\/wp\/v2\/media\/31391"}],"wp:attachment":[{"href":"https:\/\/www.ce-illkirch.fr\/wordpress\/wp-json\/wp\/v2\/media?parent=23818"}],"wp:term":[{"taxonomy":"category","embeddable":true,"href":"https:\/\/www.ce-illkirch.fr\/wordpress\/wp-json\/wp\/v2\/categories?post=23818"},{"taxonomy":"post_tag","embeddable":true,"href":"https:\/\/www.ce-illkirch.fr\/wordpress\/wp-json\/wp\/v2\/tags?post=23818"}],"curies":[{"name":"wp","href":"https:\/\/api.w.org\/{rel}","templated":true}]}}