{"id":23854,"date":"2022-11-22T16:23:10","date_gmt":"2022-11-22T15:23:10","guid":{"rendered":"https:\/\/www.ce-illkirch.fr\/wp2017\/?p=23854"},"modified":"2023-02-16T16:50:17","modified_gmt":"2023-02-16T15:50:17","slug":"elections-professionnelles-cse","status":"publish","type":"post","link":"https:\/\/www.ce-illkirch.fr\/wordpress\/2022\/11\/acces-au-ce\/elections-professionnelles-cse\/","title":{"rendered":"Elections professionnelles CSE du 22 au 24\/11"},"content":{"rendered":"<p>Le quorum n&rsquo;est pas encore atteint. <strong>N&rsquo;attendez pas pour voter !<\/strong><\/p>\n<p>Nous \u00e9lisons pour 4 ans nos repr\u00e9sentants au Comit\u00e9 Social et Economique (CSE) avec un vote pour les 11 titulaires puis un vote pour les 11 suppl\u00e9ants.<\/p>\n<p>Le <strong>vote \u00e9lectronique<\/strong> est ouvert <strong>du mardi 22 novembre 2022 \u00e0 10h<\/strong> au <strong>jeudi 24 novembre \u00e0 17h<\/strong> sur :<\/p>\n<p>https:\/\/ale-international.voxintime.com\/<\/p>\n<p><strong>N&rsquo;attendez pas le dernier moment<\/strong> pour voter. Vous pouvez au choix utiliser les codes de vote re\u00e7us \u00e0 votre domicile, ou ceux qui devraient \u00eatre envoy\u00e9s par courrier \u00e9lectronique, d&rsquo;apr\u00e8s le\u00a0 protocole d&rsquo;accord (v\u00e9rifiez s&rsquo;ils ne sont pas arriv\u00e9s dans la bo\u00eete \u00ab\u00a0p\u00eale-m\u00eale\u00a0\u00bb).<\/p>\n<p><strong>Il s&rsquo;agit d&rsquo;un scrutin de liste \u00e0 la proportionnelle<\/strong>. Les listes de candidats et les professions de foi sont en ligne. On vote d&rsquo;une part pour les titulaires, d&rsquo;autre part pour les suppl\u00e9ants.<\/p>\n<p>Un deuxi\u00e8me tour (6 au 8 d\u00e9cembre) sera n\u00e9cessaire si le quorum n&rsquo;est pas atteint.<\/p>\n","protected":false},"excerpt":{"rendered":"<p>Le quorum n&rsquo;est pas encore atteint. N&rsquo;attendez pas pour voter ! Nous \u00e9lisons pour 4 ans nos repr\u00e9sentants au Comit\u00e9 Social et Economique (CSE) avec un vote pour les 11 [&hellip;]<\/p>\n","protected":false},"author":7,"featured_media":23855,"comment_status":"closed","ping_status":"open","sticky":false,"template":"","format":"standard","meta":{"footnotes":""},"categories":[3],"tags":[],"class_list":["post-23854","post","type-post","status-publish","format-standard","has-post-thumbnail","hentry","category-acces-au-ce"],"publishpress_future_action":{"enabled":false,"date":"2026-05-07 08:59:51","action":"category","newStatus":"draft","terms":[],"taxonomy":"category","extraData":[]},"publishpress_future_workflow_manual_trigger":{"enabledWorkflows":[]},"_links":{"self":[{"href":"https:\/\/www.ce-illkirch.fr\/wordpress\/wp-json\/wp\/v2\/posts\/23854","targetHints":{"allow":["GET"]}}],"collection":[{"href":"https:\/\/www.ce-illkirch.fr\/wordpress\/wp-json\/wp\/v2\/posts"}],"about":[{"href":"https:\/\/www.ce-illkirch.fr\/wordpress\/wp-json\/wp\/v2\/types\/post"}],"author":[{"embeddable":true,"href":"https:\/\/www.ce-illkirch.fr\/wordpress\/wp-json\/wp\/v2\/users\/7"}],"replies":[{"embeddable":true,"href":"https:\/\/www.ce-illkirch.fr\/wordpress\/wp-json\/wp\/v2\/comments?post=23854"}],"version-history":[{"count":11,"href":"https:\/\/www.ce-illkirch.fr\/wordpress\/wp-json\/wp\/v2\/posts\/23854\/revisions"}],"predecessor-version":[{"id":32666,"href":"https:\/\/www.ce-illkirch.fr\/wordpress\/wp-json\/wp\/v2\/posts\/23854\/revisions\/32666"}],"wp:featuredmedia":[{"embeddable":true,"href":"https:\/\/www.ce-illkirch.fr\/wordpress\/wp-json\/wp\/v2\/media\/23855"}],"wp:attachment":[{"href":"https:\/\/www.ce-illkirch.fr\/wordpress\/wp-json\/wp\/v2\/media?parent=23854"}],"wp:term":[{"taxonomy":"category","embeddable":true,"href":"https:\/\/www.ce-illkirch.fr\/wordpress\/wp-json\/wp\/v2\/categories?post=23854"},{"taxonomy":"post_tag","embeddable":true,"href":"https:\/\/www.ce-illkirch.fr\/wordpress\/wp-json\/wp\/v2\/tags?post=23854"}],"curies":[{"name":"wp","href":"https:\/\/api.w.org\/{rel}","templated":true}]}}