{"id":24049,"date":"2022-11-25T08:25:12","date_gmt":"2022-11-25T07:25:12","guid":{"rendered":"https:\/\/www.ce-illkirch.fr\/wordpress\/?p=24049"},"modified":"2026-04-14T11:25:12","modified_gmt":"2026-04-14T09:25:12","slug":"comite-social-et-economique","status":"publish","type":"post","link":"https:\/\/www.ce-illkirch.fr\/wordpress\/2022\/11\/non-classe\/comite-social-et-economique\/","title":{"rendered":"Comit\u00e9 Social et Economique 2022"},"content":{"rendered":"<p><strong>Merci \u00e0 tous les \u00e9lecteurs<\/strong> : le taux de participation \u00e0 Illkirch pour ces \u00e9lections, 79,12%, a \u00e9t\u00e9 sup\u00e9rieur \u00e0 celui de 2018.<\/p>\n<p>Les 22 nouveaux \u00e9lus (pour 4 ans), 11 titulaires et 11 suppl\u00e9ants, vont d\u00e8s la semaine prochaine se mettre au travail. Premi\u00e8re r\u00e9union pl\u00e9ni\u00e8re mardi 29 novembre.<\/p>\n<p>La liste est en ligne sur le site Intranet du CSE.<\/p>\n","protected":false},"excerpt":{"rendered":"<p>Merci \u00e0 tous les \u00e9lecteurs : le taux de participation \u00e0 Illkirch pour ces \u00e9lections, 79,12%, a \u00e9t\u00e9 sup\u00e9rieur \u00e0 celui de 2018. Les 22 nouveaux \u00e9lus (pour 4 ans), [&hellip;]<\/p>\n","protected":false},"author":7,"featured_media":24053,"comment_status":"closed","ping_status":"open","sticky":false,"template":"","format":"standard","meta":{"footnotes":""},"categories":[3,106,1],"tags":[],"class_list":["post-24049","post","type-post","status-publish","format-standard","has-post-thumbnail","hentry","category-acces-au-ce","category-economique","category-non-classe"],"publishpress_future_action":{"enabled":false,"date":"2026-05-07 07:42:07","action":"category","newStatus":"draft","terms":[],"taxonomy":"category","extraData":[]},"publishpress_future_workflow_manual_trigger":{"enabledWorkflows":[]},"_links":{"self":[{"href":"https:\/\/www.ce-illkirch.fr\/wordpress\/wp-json\/wp\/v2\/posts\/24049","targetHints":{"allow":["GET"]}}],"collection":[{"href":"https:\/\/www.ce-illkirch.fr\/wordpress\/wp-json\/wp\/v2\/posts"}],"about":[{"href":"https:\/\/www.ce-illkirch.fr\/wordpress\/wp-json\/wp\/v2\/types\/post"}],"author":[{"embeddable":true,"href":"https:\/\/www.ce-illkirch.fr\/wordpress\/wp-json\/wp\/v2\/users\/7"}],"replies":[{"embeddable":true,"href":"https:\/\/www.ce-illkirch.fr\/wordpress\/wp-json\/wp\/v2\/comments?post=24049"}],"version-history":[{"count":8,"href":"https:\/\/www.ce-illkirch.fr\/wordpress\/wp-json\/wp\/v2\/posts\/24049\/revisions"}],"predecessor-version":[{"id":39274,"href":"https:\/\/www.ce-illkirch.fr\/wordpress\/wp-json\/wp\/v2\/posts\/24049\/revisions\/39274"}],"wp:featuredmedia":[{"embeddable":true,"href":"https:\/\/www.ce-illkirch.fr\/wordpress\/wp-json\/wp\/v2\/media\/24053"}],"wp:attachment":[{"href":"https:\/\/www.ce-illkirch.fr\/wordpress\/wp-json\/wp\/v2\/media?parent=24049"}],"wp:term":[{"taxonomy":"category","embeddable":true,"href":"https:\/\/www.ce-illkirch.fr\/wordpress\/wp-json\/wp\/v2\/categories?post=24049"},{"taxonomy":"post_tag","embeddable":true,"href":"https:\/\/www.ce-illkirch.fr\/wordpress\/wp-json\/wp\/v2\/tags?post=24049"}],"curies":[{"name":"wp","href":"https:\/\/api.w.org\/{rel}","templated":true}]}}