{"id":24289,"date":"2018-12-18T16:19:46","date_gmt":"2018-12-18T15:19:46","guid":{"rendered":"https:\/\/www.ce-illkirch.fr\/wordpress\/?p=24289"},"modified":"2026-04-14T11:36:56","modified_gmt":"2026-04-14T09:36:56","slug":"quand-une-ado-de-15-ans-interpelle-les-dirigeants-du-monde","status":"publish","type":"post","link":"https:\/\/www.ce-illkirch.fr\/wordpress\/2018\/12\/ecologie\/quand-une-ado-de-15-ans-interpelle-les-dirigeants-du-monde\/","title":{"rendered":"Quand une ado de 15 ans interpelle les dirigeants du monde"},"content":{"rendered":"<p>Elle fut le visage de la COP24. La jeune Greta Thunberg, qui m\u00e8ne une \u00ab gr\u00e8ve scolaire \u00bb pour le climat tous les vendredis, a r\u00e9ussi \u00e0 porter son message de son \u00e9cole su\u00e9doise jusque dans les assembl\u00e9es de la 24<sup>e<\/sup> conf\u00e9rence mondiale sur le climat, qui s\u2019est tenu \u00e0 Katowice, la capitale polonaise du charbon.<\/p>\n<p>Vendredi 14 d\u00e9cembre, lors du dernier jour officiel de cette grand-messe, une trentaine d\u2019\u00e9l\u00e8ves de la ville mini\u00e8re l\u2019ont rejointe pour r\u00e9clamer aux dirigeants des actions contre le changement climatique.<\/p>\n<p><em>\u00ab\u00a0 Nous sommes \u00e0 court d\u2019excuses et de temps. Nous sommes venus ici pour vous informer que le changement s\u2019annonce, que cela vous plaise ou non\u00a0\u00bb<\/em>, a pr\u00e9venu la jeune fille. Avant de conclure : <em>\u00ab\u00a0 Le vrai pouvoir appartient au peuple. \u00bb<\/em><\/p>\n<p>A visionner sur https:\/\/www.youtube.com\/watch?v=Bypt4H8K5dI<\/p>\n","protected":false},"excerpt":{"rendered":"<p>Elle fut le visage de la COP24. La jeune Greta Thunberg, qui m\u00e8ne une \u00ab gr\u00e8ve scolaire \u00bb pour le climat tous les vendredis, a r\u00e9ussi \u00e0 porter son message [&hellip;]<\/p>\n","protected":false},"author":7,"featured_media":24290,"comment_status":"closed","ping_status":"open","sticky":false,"template":"","format":"standard","meta":{"footnotes":""},"categories":[10],"tags":[],"class_list":["post-24289","post","type-post","status-publish","format-standard","has-post-thumbnail","hentry","category-ecologie"],"publishpress_future_action":{"enabled":false,"date":"2026-05-07 18:42:30","action":"category","newStatus":"draft","terms":[],"taxonomy":"category","extraData":[]},"publishpress_future_workflow_manual_trigger":{"enabledWorkflows":[]},"_links":{"self":[{"href":"https:\/\/www.ce-illkirch.fr\/wordpress\/wp-json\/wp\/v2\/posts\/24289","targetHints":{"allow":["GET"]}}],"collection":[{"href":"https:\/\/www.ce-illkirch.fr\/wordpress\/wp-json\/wp\/v2\/posts"}],"about":[{"href":"https:\/\/www.ce-illkirch.fr\/wordpress\/wp-json\/wp\/v2\/types\/post"}],"author":[{"embeddable":true,"href":"https:\/\/www.ce-illkirch.fr\/wordpress\/wp-json\/wp\/v2\/users\/7"}],"replies":[{"embeddable":true,"href":"https:\/\/www.ce-illkirch.fr\/wordpress\/wp-json\/wp\/v2\/comments?post=24289"}],"version-history":[{"count":2,"href":"https:\/\/www.ce-illkirch.fr\/wordpress\/wp-json\/wp\/v2\/posts\/24289\/revisions"}],"predecessor-version":[{"id":39323,"href":"https:\/\/www.ce-illkirch.fr\/wordpress\/wp-json\/wp\/v2\/posts\/24289\/revisions\/39323"}],"wp:featuredmedia":[{"embeddable":true,"href":"https:\/\/www.ce-illkirch.fr\/wordpress\/wp-json\/wp\/v2\/media\/24290"}],"wp:attachment":[{"href":"https:\/\/www.ce-illkirch.fr\/wordpress\/wp-json\/wp\/v2\/media?parent=24289"}],"wp:term":[{"taxonomy":"category","embeddable":true,"href":"https:\/\/www.ce-illkirch.fr\/wordpress\/wp-json\/wp\/v2\/categories?post=24289"},{"taxonomy":"post_tag","embeddable":true,"href":"https:\/\/www.ce-illkirch.fr\/wordpress\/wp-json\/wp\/v2\/tags?post=24289"}],"curies":[{"name":"wp","href":"https:\/\/api.w.org\/{rel}","templated":true}]}}