{"id":24356,"date":"2019-11-01T09:44:38","date_gmt":"2019-11-01T08:44:38","guid":{"rendered":"https:\/\/www.ce-illkirch.fr\/wordpress\/?p=24356"},"modified":"2019-11-01T16:39:30","modified_gmt":"2019-11-01T15:39:30","slug":"le-dernier-numero-des-4-saisons-est-arrive","status":"publish","type":"post","link":"https:\/\/www.ce-illkirch.fr\/wordpress\/2019\/11\/bibliotheque\/le-dernier-numero-des-4-saisons-est-arrive\/","title":{"rendered":"Le dernier num\u00e9ro des 4 saisons est arriv\u00e9"},"content":{"rendered":"<p><strong><a href=\"https:\/\/boutique.terrevivante.org\">Au sommaire du n\u00b0239\u00a0\u00a0<\/a><\/strong>(novembre-d\u00e9cembre 2019)<strong> :<\/strong><\/p>\n<p><strong>Dossier\u00a0: Quand la haie revit\u00a0!<\/strong><\/p>\n<ul>\n<li>Le renouveau du bocage\u00a0?<\/li>\n<li>Op\u00e9ration transformation<\/li>\n<li>Les chouchous des auxiliaires<\/li>\n<li>Haie libre, taille l\u00e9g\u00e8re<\/li>\n<li>La ch\u00e8vre, espi\u00e8gle et famili\u00e8re<\/li>\n<\/ul>\n<p><strong>Potager :\u00a0<\/strong>Les cardons, \u00e9pineux mais tendre<\/p>\n<p><strong>Retour \u00e0 la terre :\u00a0<\/strong>Organis\u00e9s pour l\u2019ann\u00e9e<\/p>\n<p><strong>Secret d\u2019abonn\u00e9 :\u00a0<\/strong>\u00ab\u00a0Cette ann\u00e9e, j\u2019ai fait 12 kilos de terreau\u00a0\u00bb<\/p>\n<p><strong>Verger :\u00a0<\/strong>Curieux kaki<\/p>\n<p><strong>\u00c9cologie au quotidien :\u00a0<\/strong>Choucroute maison<\/p>\n<p><em><strong>En consultation \u00e0 la m\u00e9diath\u00e8que du CSE. Tous les autres num\u00e9ros peuvent \u00eatre emprunt\u00e9s.<\/strong><\/em><\/p>\n","protected":false},"excerpt":{"rendered":"<p>Au sommaire du n\u00b0239\u00a0\u00a0(novembre-d\u00e9cembre 2019) : Dossier\u00a0: Quand la haie revit\u00a0! Le renouveau du bocage\u00a0? Op\u00e9ration transformation Les chouchous des auxiliaires Haie libre, taille l\u00e9g\u00e8re La ch\u00e8vre, espi\u00e8gle et famili\u00e8re [&hellip;]<\/p>\n","protected":false},"author":7,"featured_media":26262,"comment_status":"closed","ping_status":"open","sticky":false,"template":"","format":"standard","meta":{"footnotes":""},"categories":[5,10],"tags":[],"class_list":["post-24356","post","type-post","status-publish","format-standard","has-post-thumbnail","hentry","category-bibliotheque","category-ecologie"],"publishpress_future_action":{"enabled":false,"date":"2026-05-07 13:02:17","action":"category","newStatus":"draft","terms":[],"taxonomy":"category","extraData":[]},"publishpress_future_workflow_manual_trigger":{"enabledWorkflows":[]},"_links":{"self":[{"href":"https:\/\/www.ce-illkirch.fr\/wordpress\/wp-json\/wp\/v2\/posts\/24356","targetHints":{"allow":["GET"]}}],"collection":[{"href":"https:\/\/www.ce-illkirch.fr\/wordpress\/wp-json\/wp\/v2\/posts"}],"about":[{"href":"https:\/\/www.ce-illkirch.fr\/wordpress\/wp-json\/wp\/v2\/types\/post"}],"author":[{"embeddable":true,"href":"https:\/\/www.ce-illkirch.fr\/wordpress\/wp-json\/wp\/v2\/users\/7"}],"replies":[{"embeddable":true,"href":"https:\/\/www.ce-illkirch.fr\/wordpress\/wp-json\/wp\/v2\/comments?post=24356"}],"version-history":[{"count":4,"href":"https:\/\/www.ce-illkirch.fr\/wordpress\/wp-json\/wp\/v2\/posts\/24356\/revisions"}],"predecessor-version":[{"id":26263,"href":"https:\/\/www.ce-illkirch.fr\/wordpress\/wp-json\/wp\/v2\/posts\/24356\/revisions\/26263"}],"wp:featuredmedia":[{"embeddable":true,"href":"https:\/\/www.ce-illkirch.fr\/wordpress\/wp-json\/wp\/v2\/media\/26262"}],"wp:attachment":[{"href":"https:\/\/www.ce-illkirch.fr\/wordpress\/wp-json\/wp\/v2\/media?parent=24356"}],"wp:term":[{"taxonomy":"category","embeddable":true,"href":"https:\/\/www.ce-illkirch.fr\/wordpress\/wp-json\/wp\/v2\/categories?post=24356"},{"taxonomy":"post_tag","embeddable":true,"href":"https:\/\/www.ce-illkirch.fr\/wordpress\/wp-json\/wp\/v2\/tags?post=24356"}],"curies":[{"name":"wp","href":"https:\/\/api.w.org\/{rel}","templated":true}]}}