{"id":24584,"date":"2019-02-06T09:52:06","date_gmt":"2019-02-06T08:52:06","guid":{"rendered":"https:\/\/www.ce-illkirch.fr\/wordpress\/?p=24584"},"modified":"2023-02-16T16:48:29","modified_gmt":"2023-02-16T15:48:29","slug":"la-section-velo-de-route-vous-propose-une-randonnee-de-4-jours-a-velo-en-ardeche-en-juin-2019","status":"publish","type":"post","link":"https:\/\/www.ce-illkirch.fr\/wordpress\/2019\/02\/non-classe\/la-section-velo-de-route-vous-propose-une-randonnee-de-4-jours-a-velo-en-ardeche-en-juin-2019\/","title":{"rendered":"Rando v\u00e9lo de 4 jours en Ard\u00e8che en juin 2019"},"content":{"rendered":"<p>Pour 2019, la section V\u00e9lo de Route a retenu une randonn\u00e9e itin\u00e9rante sur 4 jours qui pourrait int\u00e9resser le plus grand nombre: l&rsquo;Ard\u00e9choise.<\/p>\n<p>L&rsquo;Ard\u00e9choise, ce sont de superbes paysages et un accueil exceptionnel par les habitants des villages travers\u00e9s.<\/p>\n<p>http:\/\/www.ardechoise.com\/Media\/Files\/brochure\/Telecharger-la-brochure-2019<\/p>\n<p>Nous proposons \u00ab\u00a0Les Gorges\u00a0\u00bb variante \u00ab\u00a0Les Gorges &#8211; Pas du Loup\u00a0\u00bb: 508km, 8280m et 34 cols.<br \/>\nSoit par jour en moyenne: 127km et 2070m (page 34 et 35 de la brochure).<br \/>\nPas besoin de transporter ses bagages, l\u2019organisation s\u2019en charge.<\/p>\n<p>Les 4 jours de v\u00e9lo seront du 19 juin au 22 juin 2019.<br \/>\nLes 18 juin et 23 juin seront occup\u00e9s pour le transport en voitures personnelles.<\/p>\n<p>On a 4 mois et demi pour se mettre en forme pour cette aventure!<\/p>\n<p>Les tarifs:<\/p>\n<ul>\n<li>inscription: 119\u20ac<\/li>\n<li>h\u00e9bergement 3 nuits (19\/06, 20\/06 et 21\/06) + repas soir + petit dej (Formule B: chambre de 1 \u00e0 5 places): 177\u20ac<\/li>\n<li>transport des bagages: 36\u20ac<\/li>\n<li>option annulation (facultative): 30\u20ac<\/li>\n<li>+ 2 h\u00e9bergements \u00e0 chercher par nous m\u00eame pour le 18\/06 et le 22\/06 au soir<\/li>\n<li>Donc total minimum: 332\u20ac (sans les nuits du 18\/06 et 22\/06 et sans option annulation)<\/li>\n<\/ul>\n<p>Le bulletin d&rsquo;engagement est \u00e0 la page <strong>71<\/strong> de la brochure.<\/p>\n<p>Que ceux qui sont int\u00e9ress\u00e9s me fassent un premier retour avant le <strong>15 f\u00e9vrier<\/strong>:<br \/>\n&#8211; s\u00fbr, je viens<br \/>\n&#8211; je viens \u2026 peut-\u00eatre<\/p>\n<p>Il faut finaliser rapidement la liste des participants \u00e0 cause des h\u00e9bergements.<br \/>\nJe centraliserai les inscriptions.<\/p>\n<p>Objectif: Inscriptions faites pour <strong>fin f\u00e9vrier<\/strong>.<\/p>\n<p>Une subvention d&rsquo;ASALI sera possible pour les participants d&rsquo;ALE Illkirch.<br \/>\nMerci de faire circuler l&rsquo;info \u00e0 ceux qui pourrait \u00eatre int\u00e9ress\u00e9s.<\/p>\n<p>Sportivement,<\/p>\n<p>Rodolphe.<\/p>\n<p>Contact : R. Dugu\u00e9<br \/>\nt\u00e9l.: 21877889<\/p>\n","protected":false},"excerpt":{"rendered":"<p>Pour 2019, la section V\u00e9lo de Route a retenu une randonn\u00e9e itin\u00e9rante sur 4 jours qui pourrait int\u00e9resser le plus grand nombre: l&rsquo;Ard\u00e9choise. L&rsquo;Ard\u00e9choise, ce sont de superbes paysages et [&hellip;]<\/p>\n","protected":false},"author":4,"featured_media":24589,"comment_status":"closed","ping_status":"open","sticky":false,"template":"","format":"standard","meta":{"footnotes":""},"categories":[1,30],"tags":[],"class_list":["post-24584","post","type-post","status-publish","format-standard","has-post-thumbnail","hentry","category-non-classe","category-scabsi-velo"],"publishpress_future_action":{"enabled":false,"date":"2026-05-07 03:19:27","action":"category","newStatus":"draft","terms":[],"taxonomy":"category","extraData":[]},"publishpress_future_workflow_manual_trigger":{"enabledWorkflows":[]},"_links":{"self":[{"href":"https:\/\/www.ce-illkirch.fr\/wordpress\/wp-json\/wp\/v2\/posts\/24584","targetHints":{"allow":["GET"]}}],"collection":[{"href":"https:\/\/www.ce-illkirch.fr\/wordpress\/wp-json\/wp\/v2\/posts"}],"about":[{"href":"https:\/\/www.ce-illkirch.fr\/wordpress\/wp-json\/wp\/v2\/types\/post"}],"author":[{"embeddable":true,"href":"https:\/\/www.ce-illkirch.fr\/wordpress\/wp-json\/wp\/v2\/users\/4"}],"replies":[{"embeddable":true,"href":"https:\/\/www.ce-illkirch.fr\/wordpress\/wp-json\/wp\/v2\/comments?post=24584"}],"version-history":[{"count":16,"href":"https:\/\/www.ce-illkirch.fr\/wordpress\/wp-json\/wp\/v2\/posts\/24584\/revisions"}],"predecessor-version":[{"id":32631,"href":"https:\/\/www.ce-illkirch.fr\/wordpress\/wp-json\/wp\/v2\/posts\/24584\/revisions\/32631"}],"wp:featuredmedia":[{"embeddable":true,"href":"https:\/\/www.ce-illkirch.fr\/wordpress\/wp-json\/wp\/v2\/media\/24589"}],"wp:attachment":[{"href":"https:\/\/www.ce-illkirch.fr\/wordpress\/wp-json\/wp\/v2\/media?parent=24584"}],"wp:term":[{"taxonomy":"category","embeddable":true,"href":"https:\/\/www.ce-illkirch.fr\/wordpress\/wp-json\/wp\/v2\/categories?post=24584"},{"taxonomy":"post_tag","embeddable":true,"href":"https:\/\/www.ce-illkirch.fr\/wordpress\/wp-json\/wp\/v2\/tags?post=24584"}],"curies":[{"name":"wp","href":"https:\/\/api.w.org\/{rel}","templated":true}]}}