{"id":25019,"date":"2022-04-21T17:07:14","date_gmt":"2022-04-21T15:07:14","guid":{"rendered":"https:\/\/www.ce-illkirch.fr\/wordpress\/?p=25019"},"modified":"2026-04-14T11:25:12","modified_gmt":"2026-04-14T09:25:12","slug":"participation-noubliez-pas-de-choisir","status":"publish","type":"post","link":"https:\/\/www.ce-illkirch.fr\/wordpress\/2022\/04\/prestataires-de-services\/participation-noubliez-pas-de-choisir\/","title":{"rendered":"Participation : n&rsquo;oubliez pas de choisir avant le 25\/04\/2022"},"content":{"rendered":"<p>Vous avez du recevoir r\u00e9cemment par email, ou vous allez recevoir \u00e0 votre domicile un courrier d&rsquo;Amundi, qui est le gestionnaire de l&rsquo;\u00e9pargne salariale et retraite d&rsquo;ALE, indiquant le montant de votre quote-part de <strong>Participation<\/strong>, et les modalit\u00e9s d\u2019affectation de ce montant.<\/p>\n<p>Vos choix d&rsquo;\u00e9pargne ont un impact social et environnemental. Si vous souhaitez que cet impact soit positif, pensez aux fonds labellis\u00e9s. <a href=\"https:\/\/www.ce-illkirch.fr\/wordpress\/epargne-salariale-connaissez-vous-lisr-2\/\">L\u2019Investissement Socialement Responsable<\/a> (Label ISR) contribue \u00e0 un mod\u00e8le de d\u00e9veloppement plus durable et plus humain.<\/p>\n<p>Liens utiles :<\/p>\n<p>Le <strong><a href=\"https:\/\/www.amundi-ee.com\/epargnant\/\">site Amundi.\u00a0<\/a><\/strong>C&rsquo;est sur ce site que vous pouvez faire les arbitrages voulus. Attention, en premier sont list\u00e9s les investissements au titre du PEE (Plan Epargne Entreprise), qui ne donnent pas droit \u00e0 abondement. Seuls les investissements sur le PERCO (Plan d&rsquo;Epargne Retraite Collectif) donnent droit \u00e0 <strong><a href=\"https:\/\/www.ce-illkirch.fr\/wordpress\/epargne-salariale-connaissez-vous-lisr-2\/\" target=\"_blank\" rel=\"noopener\">abondement<\/a><\/strong>.<\/p>\n<p>Par d\u00e9faut, votre prime de participation sera \u00e9pargn\u00e9e :<br \/>\n&#8211; pour 50 %, dans le plan d&rsquo;\u00e9pargne entreprise (PEE) <i class=\"i18n_resource\"> AMUNDI Label Mon\u00e9taire ESR &#8211; F <\/i><br \/>\n&#8211;\u00a0pour 50 % dans le PERCO selon une allocation permettant de r\u00e9duire progressivement les risques financiers \u00ab\u00a0Gestion pilot\u00e9e\u00a0\u00bb (profil <em>Equilibre<\/em>).<\/p>\n<p><a href=\"https:\/\/www.service-public.fr\/particuliers\/vosdroits\/F2141\" target=\"_blank\" rel=\"noopener\"><strong>Le site officiel relatif \u00e0 la Participation<\/strong>. <\/a>Pour comprendre s&rsquo;il vaut mieux demander le versement (sur la paie de mai 2022), ou placer la somme, quels sont les cas de d\u00e9blocages, les charges sociales etc&#8230;<\/p>\n<p>En cas de versement, le montant est soumis \u00e0 l\u2019imp\u00f4t sur le revenu, ce qui n&rsquo;est pas le cas s&rsquo;il est investi.<\/p>\n<p>L&rsquo;accord ALE de 2015 et l&rsquo;avenant de 2017 :<\/p>\n<p>Accord PERCO ALE de 2015<\/p>\n<p>Avenant de 2017 \u00e0 l\u2019accord PERCO (nouveaux FCP)<\/p>\n","protected":false},"excerpt":{"rendered":"<p>Vous avez du recevoir r\u00e9cemment par email, ou vous allez recevoir \u00e0 votre domicile un courrier d&rsquo;Amundi, qui est le gestionnaire de l&rsquo;\u00e9pargne salariale et retraite d&rsquo;ALE, indiquant le montant [&hellip;]<\/p>\n","protected":false},"author":7,"featured_media":23302,"comment_status":"closed","ping_status":"open","sticky":false,"template":"","format":"standard","meta":{"footnotes":""},"categories":[106,23,40],"tags":[],"class_list":["post-25019","post","type-post","status-publish","format-standard","has-post-thumbnail","hentry","category-economique","category-prestataires-de-services","category-tresor"],"publishpress_future_action":{"enabled":false,"date":"2026-05-07 03:20:17","action":"category","newStatus":"draft","terms":[],"taxonomy":"category","extraData":[]},"publishpress_future_workflow_manual_trigger":{"enabledWorkflows":[]},"_links":{"self":[{"href":"https:\/\/www.ce-illkirch.fr\/wordpress\/wp-json\/wp\/v2\/posts\/25019","targetHints":{"allow":["GET"]}}],"collection":[{"href":"https:\/\/www.ce-illkirch.fr\/wordpress\/wp-json\/wp\/v2\/posts"}],"about":[{"href":"https:\/\/www.ce-illkirch.fr\/wordpress\/wp-json\/wp\/v2\/types\/post"}],"author":[{"embeddable":true,"href":"https:\/\/www.ce-illkirch.fr\/wordpress\/wp-json\/wp\/v2\/users\/7"}],"replies":[{"embeddable":true,"href":"https:\/\/www.ce-illkirch.fr\/wordpress\/wp-json\/wp\/v2\/comments?post=25019"}],"version-history":[{"count":8,"href":"https:\/\/www.ce-illkirch.fr\/wordpress\/wp-json\/wp\/v2\/posts\/25019\/revisions"}],"predecessor-version":[{"id":39279,"href":"https:\/\/www.ce-illkirch.fr\/wordpress\/wp-json\/wp\/v2\/posts\/25019\/revisions\/39279"}],"wp:featuredmedia":[{"embeddable":true,"href":"https:\/\/www.ce-illkirch.fr\/wordpress\/wp-json\/wp\/v2\/media\/23302"}],"wp:attachment":[{"href":"https:\/\/www.ce-illkirch.fr\/wordpress\/wp-json\/wp\/v2\/media?parent=25019"}],"wp:term":[{"taxonomy":"category","embeddable":true,"href":"https:\/\/www.ce-illkirch.fr\/wordpress\/wp-json\/wp\/v2\/categories?post=25019"},{"taxonomy":"post_tag","embeddable":true,"href":"https:\/\/www.ce-illkirch.fr\/wordpress\/wp-json\/wp\/v2\/tags?post=25019"}],"curies":[{"name":"wp","href":"https:\/\/api.w.org\/{rel}","templated":true}]}}