{"id":25037,"date":"2020-11-17T12:11:44","date_gmt":"2020-11-17T11:11:44","guid":{"rendered":"https:\/\/www.ce-illkirch.fr\/wordpress\/?p=25037"},"modified":"2023-08-17T10:16:02","modified_gmt":"2023-08-17T08:16:02","slug":"epargne-salariale-et-retraite-fonds-solidaire","status":"publish","type":"post","link":"https:\/\/www.ce-illkirch.fr\/wordpress\/2020\/11\/tresor\/epargne-salariale-et-retraite-fonds-solidaire\/","title":{"rendered":"Epargne Salariale et Retraite : \u00e0 quoi sert votre argent ?"},"content":{"rendered":"<p>Vous souhaitez que votre \u00e9pargne joue un r\u00f4le actif et responsable sans pour autant renoncer au rendement de votre placement ? L\u2019Investissement Socialement Responsable (Label ISR) contribue \u00e0 un mod\u00e8le de d\u00e9veloppement plus durable et plus humain.<\/p>\n<p>Et lorsque vous d\u00e9cidez d&rsquo;\u00e9pargner (votre participation ou un versement libre) dans un fonds dit \u00ab\u00a0<strong>solidaire<\/strong>\u00ab\u00a0, cela signifie que 5% \u00e0 10% du montant de ce fonds est investi dans des entreprises non cot\u00e9es de l\u2019\u00e9conomie sociale et solidaire.<\/p>\n<p>Les sommes en jeu ne sont pas du tout n\u00e9gligeables, puisque l&rsquo;encours du fonds \u00ab\u00a0<strong>Amundi Label Equilibre Solidaire<\/strong>\u00a0\u00bb \u00e9tait \u00e0 fin d\u00e9cembre 2019 de 1129 M\u20ac.<\/p>\n<p>Les entreprises solidaires dans lesquelles Amundi investit : cf <a href=\"https:\/\/amundi.oneheart.fr\/\">https:\/\/amundi.oneheart.fr\/<\/a><\/p>\n<p>Cette ann\u00e9e ont \u00e9t\u00e9 prim\u00e9s lors du Conseil de surveillance du 17 novembre 2020 :<\/p>\n<ol>\n<li><a href=\"https:\/\/alchimistes.co\/\">Les Alchimistes<\/a><\/li>\n<li><a href=\"https:\/\/amundi.oneheart.fr\/entreprises\/batho-2173\">Bath\u00f4<\/a><\/li>\n<li><a href=\"https:\/\/amundi.oneheart.fr\/entreprises\/castalie-2487\">Castalie<\/a><\/li>\n<\/ol>\n<p>Rappel : l\u2019investissement sur le PERCO (Plan d\u2019Epargne Retraite Collectif) donne droit \u00e0 un <strong>abondement<\/strong> annuel pouvant aller jusqu\u2019\u00e0 <strong>2000 \u20ac<\/strong> pour un investissement de 3000 \u20ac (mais on peut mettre beaucoup moins).<\/p>\n<p>Tous les d\u00e9tails <a title=\"Amundu ISR\" href=\"https:\/\/www.amundi-ee.com\/epargnant\/Actu-et-Videos\/Actualites\/Dossiers\/L-Investissement-Socialement-Responsable\" target=\"_blank\" rel=\"noopener\"><strong>sur le site Amundi<\/strong> <\/a>qui g\u00e8re l\u2019\u00e9pargne salariale des salari\u00e9s ALE. Les fonds sont bloqu\u00e9s jusqu\u2019\u00e0 liquidation de la retraite, sauf cas de d\u00e9blocage.<\/p>\n","protected":false},"excerpt":{"rendered":"<p>Vous souhaitez que votre \u00e9pargne joue un r\u00f4le actif et responsable sans pour autant renoncer au rendement de votre placement ? L\u2019Investissement Socialement Responsable (Label ISR) contribue \u00e0 un mod\u00e8le [&hellip;]<\/p>\n","protected":false},"author":7,"featured_media":23302,"comment_status":"closed","ping_status":"open","sticky":false,"template":"","format":"standard","meta":{"footnotes":""},"categories":[106,40],"tags":[],"class_list":["post-25037","post","type-post","status-publish","format-standard","has-post-thumbnail","hentry","category-economique","category-tresor"],"publishpress_future_action":{"enabled":false,"date":"2026-05-07 04:41:17","action":"category","newStatus":"draft","terms":[],"taxonomy":"category","extraData":[]},"publishpress_future_workflow_manual_trigger":{"enabledWorkflows":[]},"_links":{"self":[{"href":"https:\/\/www.ce-illkirch.fr\/wordpress\/wp-json\/wp\/v2\/posts\/25037","targetHints":{"allow":["GET"]}}],"collection":[{"href":"https:\/\/www.ce-illkirch.fr\/wordpress\/wp-json\/wp\/v2\/posts"}],"about":[{"href":"https:\/\/www.ce-illkirch.fr\/wordpress\/wp-json\/wp\/v2\/types\/post"}],"author":[{"embeddable":true,"href":"https:\/\/www.ce-illkirch.fr\/wordpress\/wp-json\/wp\/v2\/users\/7"}],"replies":[{"embeddable":true,"href":"https:\/\/www.ce-illkirch.fr\/wordpress\/wp-json\/wp\/v2\/comments?post=25037"}],"version-history":[{"count":3,"href":"https:\/\/www.ce-illkirch.fr\/wordpress\/wp-json\/wp\/v2\/posts\/25037\/revisions"}],"predecessor-version":[{"id":27778,"href":"https:\/\/www.ce-illkirch.fr\/wordpress\/wp-json\/wp\/v2\/posts\/25037\/revisions\/27778"}],"wp:featuredmedia":[{"embeddable":true,"href":"https:\/\/www.ce-illkirch.fr\/wordpress\/wp-json\/wp\/v2\/media\/23302"}],"wp:attachment":[{"href":"https:\/\/www.ce-illkirch.fr\/wordpress\/wp-json\/wp\/v2\/media?parent=25037"}],"wp:term":[{"taxonomy":"category","embeddable":true,"href":"https:\/\/www.ce-illkirch.fr\/wordpress\/wp-json\/wp\/v2\/categories?post=25037"},{"taxonomy":"post_tag","embeddable":true,"href":"https:\/\/www.ce-illkirch.fr\/wordpress\/wp-json\/wp\/v2\/tags?post=25037"}],"curies":[{"name":"wp","href":"https:\/\/api.w.org\/{rel}","templated":true}]}}