{"id":25042,"date":"2019-04-18T15:48:02","date_gmt":"2019-04-18T13:48:02","guid":{"rendered":"https:\/\/www.ce-illkirch.fr\/wordpress\/?p=25042"},"modified":"2024-10-17T16:38:21","modified_gmt":"2024-10-17T14:38:21","slug":"optimix-votre-fiche-mobilite-est-en-ligne","status":"publish","type":"post","link":"https:\/\/www.ce-illkirch.fr\/wordpress\/2019\/04\/transport\/optimix-votre-fiche-mobilite-est-en-ligne\/","title":{"rendered":"Optimix : votre fiche mobilit\u00e9 est en ligne !"},"content":{"rendered":"<p>Jeudi 18 avril, vous avez du recevoir un courriel intitul\u00e9 \u00ab\u00a0EXT: <strong>Votre fiche mobilit\u00e9<\/strong>\u00a0\u00bb\u00a0 \u00e9manant d&rsquo;optimix@strasbourg.eu.<\/p>\n<p>Pensez \u00e0 v\u00e9rifier les r\u00e9pertoires \u00ab\u00a0ind\u00e9sirable\u00a0\u00bb ou \u00ab\u00a0p\u00eale-m\u00eale\u00a0\u00bb s&rsquo;il n&rsquo;est pas arriv\u00e9 dans votre bo\u00eete de r\u00e9ception.<\/p>\n<p>Le lien personnel qu&rsquo;il contient vous permet d&rsquo;acc\u00e9der \u00e0 votre fiche mobilit\u00e9, qui liste les options de d\u00e9placement \u00e0 votre disposition pour votre <strong>trajet domicile-travail<\/strong> (v\u00e9lo, transports en commun).<\/p>\n<p>La Commission Transport du CSE souhaite savoir si cette information vous parait utile, tout particuli\u00e8rement si elle vous permet d&rsquo;envisager de tester un autre moyen de transport que la voiture.<\/p>\n<p>N&rsquo;h\u00e9sitez pas \u00e0 nous contacter via <span class=\"contentLine-64\">illkirch_transport @ al-enterprise.com<\/span><\/p>\n<p>&nbsp;<\/p>\n<p>&nbsp;<\/p>\n","protected":false},"excerpt":{"rendered":"<p>Jeudi 18 avril, vous avez du recevoir un courriel intitul\u00e9 \u00ab\u00a0EXT: Votre fiche mobilit\u00e9\u00a0\u00bb\u00a0 \u00e9manant d&rsquo;optimix@strasbourg.eu. Pensez \u00e0 v\u00e9rifier les r\u00e9pertoires \u00ab\u00a0ind\u00e9sirable\u00a0\u00bb ou \u00ab\u00a0p\u00eale-m\u00eale\u00a0\u00bb s&rsquo;il n&rsquo;est pas arriv\u00e9 dans votre [&hellip;]<\/p>\n","protected":false},"author":7,"featured_media":25043,"comment_status":"closed","ping_status":"open","sticky":false,"template":"","format":"standard","meta":{"footnotes":""},"categories":[39],"tags":[],"class_list":["post-25042","post","type-post","status-publish","format-standard","has-post-thumbnail","hentry","category-transport"],"publishpress_future_action":{"enabled":false,"date":"2026-05-09 11:32:53","action":"category","newStatus":"draft","terms":[],"taxonomy":"category","extraData":[]},"publishpress_future_workflow_manual_trigger":{"enabledWorkflows":[]},"_links":{"self":[{"href":"https:\/\/www.ce-illkirch.fr\/wordpress\/wp-json\/wp\/v2\/posts\/25042","targetHints":{"allow":["GET"]}}],"collection":[{"href":"https:\/\/www.ce-illkirch.fr\/wordpress\/wp-json\/wp\/v2\/posts"}],"about":[{"href":"https:\/\/www.ce-illkirch.fr\/wordpress\/wp-json\/wp\/v2\/types\/post"}],"author":[{"embeddable":true,"href":"https:\/\/www.ce-illkirch.fr\/wordpress\/wp-json\/wp\/v2\/users\/7"}],"replies":[{"embeddable":true,"href":"https:\/\/www.ce-illkirch.fr\/wordpress\/wp-json\/wp\/v2\/comments?post=25042"}],"version-history":[{"count":1,"href":"https:\/\/www.ce-illkirch.fr\/wordpress\/wp-json\/wp\/v2\/posts\/25042\/revisions"}],"predecessor-version":[{"id":25044,"href":"https:\/\/www.ce-illkirch.fr\/wordpress\/wp-json\/wp\/v2\/posts\/25042\/revisions\/25044"}],"wp:featuredmedia":[{"embeddable":true,"href":"https:\/\/www.ce-illkirch.fr\/wordpress\/wp-json\/wp\/v2\/media\/25043"}],"wp:attachment":[{"href":"https:\/\/www.ce-illkirch.fr\/wordpress\/wp-json\/wp\/v2\/media?parent=25042"}],"wp:term":[{"taxonomy":"category","embeddable":true,"href":"https:\/\/www.ce-illkirch.fr\/wordpress\/wp-json\/wp\/v2\/categories?post=25042"},{"taxonomy":"post_tag","embeddable":true,"href":"https:\/\/www.ce-illkirch.fr\/wordpress\/wp-json\/wp\/v2\/tags?post=25042"}],"curies":[{"name":"wp","href":"https:\/\/api.w.org\/{rel}","templated":true}]}}