{"id":25047,"date":"2023-11-21T15:33:15","date_gmt":"2023-11-21T14:33:15","guid":{"rendered":"https:\/\/www.ce-illkirch.fr\/wordpress\/?p=25047"},"modified":"2024-06-05T11:01:57","modified_gmt":"2024-06-05T09:01:57","slug":"breves-du-service-social-avril-2019","status":"publish","type":"post","link":"https:\/\/www.ce-illkirch.fr\/wordpress\/2023\/11\/logement\/breves-du-service-social-avril-2019\/","title":{"rendered":"Br\u00e8ves du Service Social nov 2023"},"content":{"rendered":"<p>\u00ab\u00a0Bonjour<\/p>\n<p>J&rsquo;ai le plaisir de vous adresser nos derni\u00e8res <a href=\"https:\/\/www.ce-illkirch.fr\/wordpress\/wp-content\/uploads\/2022\/11\/Breves-Sociales-Octobre-2023-ALE.pdf\">Br\u00e8ves Sociales d\u00e9di\u00e9es<\/a>, actualit\u00e9 oblige, au th\u00e8me de la retraite.<\/p>\n<p>La r\u00e9forme des retraites et les d\u00e9crets d&rsquo;applications apportent des nouveaut\u00e9s au del\u00e0 du recul de l&rsquo;\u00e2ge l\u00e9gal de la retraite \u00e0 64 ans et des trimestres suppl\u00e9mentaires \u00e0 valider.<\/p>\n<p>Nos\u00a0 Br\u00e8ves Sociales reprennent les \u00e9volutions les plus remarquables qui pourront\u00a0 s\u00fbrement vous int\u00e9resser\u00a0\u00bb<\/p>\n<p>Bonne journ\u00e9e<\/p>\n<p>Bien cordialement<\/p>\n<p>Clara KOHL<br \/>\nAssistante de service social<br \/>\nService Social Conseil en Entreprises<br \/>\n06 99 50 61 01<br \/>\n<a href=\"http:\/\/www.ssce.eu\">www.ssce.eu<\/a><\/p>\n<p>&nbsp;<\/p>\n<p>Contact : Clara Kohl, Assistante Sociale : clara.kohl @ ssce.eu<br \/>\nPermanences chez ALE : le 1er <strong>mardi du mois de 9h \u00e0 12h30 <\/strong>au poste de secours situ\u00e9 \u00e0 c\u00f4t\u00e9 du poste de garde.<\/p>\n<p><a href=\"http:\/\/www.ssce.eu\">www.ssce.eu<\/a><\/p>\n","protected":false},"excerpt":{"rendered":"<p>\u00ab\u00a0Bonjour J&rsquo;ai le plaisir de vous adresser nos derni\u00e8res Br\u00e8ves Sociales d\u00e9di\u00e9es, actualit\u00e9 oblige, au th\u00e8me de la retraite. La r\u00e9forme des retraites et les d\u00e9crets d&rsquo;applications apportent des nouveaut\u00e9s [&hellip;]<\/p>\n","protected":false},"author":7,"featured_media":23769,"comment_status":"closed","ping_status":"open","sticky":false,"template":"","format":"standard","meta":{"footnotes":""},"categories":[15],"tags":[],"class_list":["post-25047","post","type-post","status-publish","format-standard","has-post-thumbnail","hentry","category-logement"],"publishpress_future_action":{"enabled":false,"date":"2026-05-06 23:21:19","action":"category","newStatus":"draft","terms":[],"taxonomy":"category","extraData":[]},"publishpress_future_workflow_manual_trigger":{"enabledWorkflows":[]},"_links":{"self":[{"href":"https:\/\/www.ce-illkirch.fr\/wordpress\/wp-json\/wp\/v2\/posts\/25047","targetHints":{"allow":["GET"]}}],"collection":[{"href":"https:\/\/www.ce-illkirch.fr\/wordpress\/wp-json\/wp\/v2\/posts"}],"about":[{"href":"https:\/\/www.ce-illkirch.fr\/wordpress\/wp-json\/wp\/v2\/types\/post"}],"author":[{"embeddable":true,"href":"https:\/\/www.ce-illkirch.fr\/wordpress\/wp-json\/wp\/v2\/users\/7"}],"replies":[{"embeddable":true,"href":"https:\/\/www.ce-illkirch.fr\/wordpress\/wp-json\/wp\/v2\/comments?post=25047"}],"version-history":[{"count":7,"href":"https:\/\/www.ce-illkirch.fr\/wordpress\/wp-json\/wp\/v2\/posts\/25047\/revisions"}],"predecessor-version":[{"id":35352,"href":"https:\/\/www.ce-illkirch.fr\/wordpress\/wp-json\/wp\/v2\/posts\/25047\/revisions\/35352"}],"wp:featuredmedia":[{"embeddable":true,"href":"https:\/\/www.ce-illkirch.fr\/wordpress\/wp-json\/wp\/v2\/media\/23769"}],"wp:attachment":[{"href":"https:\/\/www.ce-illkirch.fr\/wordpress\/wp-json\/wp\/v2\/media?parent=25047"}],"wp:term":[{"taxonomy":"category","embeddable":true,"href":"https:\/\/www.ce-illkirch.fr\/wordpress\/wp-json\/wp\/v2\/categories?post=25047"},{"taxonomy":"post_tag","embeddable":true,"href":"https:\/\/www.ce-illkirch.fr\/wordpress\/wp-json\/wp\/v2\/tags?post=25047"}],"curies":[{"name":"wp","href":"https:\/\/api.w.org\/{rel}","templated":true}]}}