{"id":25322,"date":"2021-06-17T16:55:10","date_gmt":"2021-06-17T14:55:10","guid":{"rendered":"https:\/\/www.ce-illkirch.fr\/wordpress\/?p=25322"},"modified":"2023-03-09T14:25:48","modified_gmt":"2023-03-09T13:25:48","slug":"bibliotheque-cd-dvd","status":"publish","type":"post","link":"https:\/\/www.ce-illkirch.fr\/wordpress\/2021\/06\/bibliotheque\/bibliotheque-cd-dvd\/","title":{"rendered":"Biblioth\u00e8que : quelle place pour les CD et DVD ?"},"content":{"rendered":"<h2>Pour pr\u00e9parer au mieux le fonds de la nouvelle biblioth\u00e8que, nous avons besoin de conna\u00eetre vos usages en CD, DVD et musique \/ films en g\u00e9n\u00e9ral ? Voici le sondage <a href=\"https:\/\/framadate.org\/LygJLxfNZdEvZb4w\"><strong>ici<\/strong><\/a>, merci de votre participation<\/h2>\n<h2>Biblioth\u00e8que du CSE ALE<\/h2>\n","protected":false},"excerpt":{"rendered":"<p>Pour pr\u00e9parer au mieux le fonds de la nouvelle biblioth\u00e8que, nous avons besoin de conna\u00eetre vos usages en CD, DVD et musique \/ films en g\u00e9n\u00e9ral ? Voici le sondage [&hellip;]<\/p>\n","protected":false},"author":2,"featured_media":25323,"comment_status":"closed","ping_status":"open","sticky":false,"template":"","format":"standard","meta":{"footnotes":""},"categories":[5,14,19,24,25],"tags":[],"class_list":["post-25322","post","type-post","status-publish","format-standard","has-post-thumbnail","hentry","category-bibliotheque","category-listings","category-19","category-prix-bd","category-prix-litteraire-bibliotheque"],"publishpress_future_action":{"enabled":false,"date":"2026-05-07 17:36:10","action":"category","newStatus":"draft","terms":[],"taxonomy":"category","extraData":[]},"publishpress_future_workflow_manual_trigger":{"enabledWorkflows":[]},"_links":{"self":[{"href":"https:\/\/www.ce-illkirch.fr\/wordpress\/wp-json\/wp\/v2\/posts\/25322","targetHints":{"allow":["GET"]}}],"collection":[{"href":"https:\/\/www.ce-illkirch.fr\/wordpress\/wp-json\/wp\/v2\/posts"}],"about":[{"href":"https:\/\/www.ce-illkirch.fr\/wordpress\/wp-json\/wp\/v2\/types\/post"}],"author":[{"embeddable":true,"href":"https:\/\/www.ce-illkirch.fr\/wordpress\/wp-json\/wp\/v2\/users\/2"}],"replies":[{"embeddable":true,"href":"https:\/\/www.ce-illkirch.fr\/wordpress\/wp-json\/wp\/v2\/comments?post=25322"}],"version-history":[{"count":10,"href":"https:\/\/www.ce-illkirch.fr\/wordpress\/wp-json\/wp\/v2\/posts\/25322\/revisions"}],"predecessor-version":[{"id":28753,"href":"https:\/\/www.ce-illkirch.fr\/wordpress\/wp-json\/wp\/v2\/posts\/25322\/revisions\/28753"}],"wp:featuredmedia":[{"embeddable":true,"href":"https:\/\/www.ce-illkirch.fr\/wordpress\/wp-json\/wp\/v2\/media\/25323"}],"wp:attachment":[{"href":"https:\/\/www.ce-illkirch.fr\/wordpress\/wp-json\/wp\/v2\/media?parent=25322"}],"wp:term":[{"taxonomy":"category","embeddable":true,"href":"https:\/\/www.ce-illkirch.fr\/wordpress\/wp-json\/wp\/v2\/categories?post=25322"},{"taxonomy":"post_tag","embeddable":true,"href":"https:\/\/www.ce-illkirch.fr\/wordpress\/wp-json\/wp\/v2\/tags?post=25322"}],"curies":[{"name":"wp","href":"https:\/\/api.w.org\/{rel}","templated":true}]}}