{"id":25429,"date":"2019-06-20T09:17:45","date_gmt":"2019-06-20T07:17:45","guid":{"rendered":"https:\/\/www.ce-illkirch.fr\/wordpress\/?p=25429"},"modified":"2019-06-20T09:17:45","modified_gmt":"2019-06-20T07:17:45","slug":"piste-cyclable-ale","status":"publish","type":"post","link":"https:\/\/www.ce-illkirch.fr\/wordpress\/2019\/06\/transport\/piste-cyclable-ale\/","title":{"rendered":"Piste cyclable ALE"},"content":{"rendered":"<p>La piste cyclable reliant ALE et le canal sera r\u00e9duite en largeur voire condamn\u00e9e durant les travaux (juin \u00e0 fin ao\u00fbt).<\/p>\n","protected":false},"excerpt":{"rendered":"<p>La piste cyclable reliant ALE et le canal sera r\u00e9duite en largeur voire condamn\u00e9e durant les travaux (juin \u00e0 fin ao\u00fbt).<\/p>\n","protected":false},"author":2,"featured_media":25430,"comment_status":"closed","ping_status":"open","sticky":false,"template":"","format":"standard","meta":{"footnotes":""},"categories":[39],"tags":[],"class_list":["post-25429","post","type-post","status-publish","format-standard","has-post-thumbnail","hentry","category-transport"],"publishpress_future_action":{"enabled":false,"date":"2026-05-07 13:00:26","action":"category","newStatus":"draft","terms":[],"taxonomy":"category","extraData":[]},"publishpress_future_workflow_manual_trigger":{"enabledWorkflows":[]},"_links":{"self":[{"href":"https:\/\/www.ce-illkirch.fr\/wordpress\/wp-json\/wp\/v2\/posts\/25429","targetHints":{"allow":["GET"]}}],"collection":[{"href":"https:\/\/www.ce-illkirch.fr\/wordpress\/wp-json\/wp\/v2\/posts"}],"about":[{"href":"https:\/\/www.ce-illkirch.fr\/wordpress\/wp-json\/wp\/v2\/types\/post"}],"author":[{"embeddable":true,"href":"https:\/\/www.ce-illkirch.fr\/wordpress\/wp-json\/wp\/v2\/users\/2"}],"replies":[{"embeddable":true,"href":"https:\/\/www.ce-illkirch.fr\/wordpress\/wp-json\/wp\/v2\/comments?post=25429"}],"version-history":[{"count":1,"href":"https:\/\/www.ce-illkirch.fr\/wordpress\/wp-json\/wp\/v2\/posts\/25429\/revisions"}],"predecessor-version":[{"id":25431,"href":"https:\/\/www.ce-illkirch.fr\/wordpress\/wp-json\/wp\/v2\/posts\/25429\/revisions\/25431"}],"wp:featuredmedia":[{"embeddable":true,"href":"https:\/\/www.ce-illkirch.fr\/wordpress\/wp-json\/wp\/v2\/media\/25430"}],"wp:attachment":[{"href":"https:\/\/www.ce-illkirch.fr\/wordpress\/wp-json\/wp\/v2\/media?parent=25429"}],"wp:term":[{"taxonomy":"category","embeddable":true,"href":"https:\/\/www.ce-illkirch.fr\/wordpress\/wp-json\/wp\/v2\/categories?post=25429"},{"taxonomy":"post_tag","embeddable":true,"href":"https:\/\/www.ce-illkirch.fr\/wordpress\/wp-json\/wp\/v2\/tags?post=25429"}],"curies":[{"name":"wp","href":"https:\/\/api.w.org\/{rel}","templated":true}]}}