{"id":25452,"date":"2022-07-19T15:00:09","date_gmt":"2022-07-19T13:00:09","guid":{"rendered":"https:\/\/www.ce-illkirch.fr\/wordpress\/?p=25452"},"modified":"2025-06-19T15:02:35","modified_gmt":"2025-06-19T13:02:35","slug":"alerte-pollution-de-lair-plan-daction-pour-le-26-06","status":"publish","type":"post","link":"https:\/\/www.ce-illkirch.fr\/wordpress\/2022\/07\/ecologie\/alerte-pollution-de-lair-plan-daction-pour-le-26-06\/","title":{"rendered":"Alerte pollution de l&rsquo;air : plan suspendu"},"content":{"rendered":"<p>Le plan d\u2019actions renforc\u00e9es contre la pollution de l\u2019air de l\u2019Eurom\u00e9tropole de Strasbourg d\u00e9clench\u00e9 pour la journ\u00e9e du <strong>mardi 19 juillet<\/strong> 2022, <strong>est suspendu \u00e0 partir du mercredi 20 juillet.<\/strong><\/p>\n<p>Ce plan d\u2019actions pr\u00e9voit une tarification sp\u00e9ciale pour :<\/p>\n<p>&#8211; Les transports en commun<br \/>\n\u27a2 R\u00e9seau urbain de la CTS (bus, tram) : <strong>gratuit\u00e9 <\/strong><br \/>\n\u27a2 R\u00e9seau 67 de la R\u00e9gion Grand Est : forfait sp\u00e9cial \u00ab pollution air \u00bb \u00e0 2,50 \u20ac l\u2019aller-retour<\/p>\n<p>&#8211; Les stations V\u00e9lhop<br \/>\n\u27a2 Tarif r\u00e9duit pour la location d\u2019un v\u00e9lo \u00e0 3 \u20ac la journ\u00e9e dans les boutiques Centre, Gare, Universit\u00e9, Koenigshoffen et Schiltigheim : velhop.strasbourg.eu\/<\/p>\n<p>De plus, lors d\u2019un \u00e9pisode de pollution, des recommandations sanitaires et comportementales sont indiqu\u00e9es notamment pour les populations sensibles (femmes enceintes, nourrissons et jeunes enfants, personnes \u00e2g\u00e9es, personnes souffrant de troubles cardiaques ou respiratoires, personnes asthmatiques\u2026) sur le site d\u2019ATMO Grand Est : <a href=\"http:\/\/www.atmo-grandest.eu\">www.atmo-grandest.eu<\/a><\/p>\n<p>Pour plus d\u2019informations sur le plan d\u2019actions contre la pollution de l\u2019air, les recommandations sanitaires et les bons gestes \u00e0 adopter : <a href=\"https:\/\/www.strasbourg.eu\/qualite-air-du-jour\">https:\/\/www.strasbourg.eu\/qualite-air<\/a><\/p>\n<p>Pour plus d\u2019information sur l\u2019\u00e9pisode de pollution en cours, le communiqu\u00e9 d\u2019ATMO Grand Est est visible sur : <a href=\"http:\/\/www.atmo-grandest.eu\/episodes-de-pollution\">http:\/\/www.atmo-grandest.eu\/episodes-de-pollution<\/a><\/p>\n<p><strong>Pour recevoir en temps r\u00e9el les alertes<\/strong> en cas de pollution de l\u2019air, et savoir quelles mesures exceptionnelles (transports en commun, restrictions de circulation\u2026) sont prises,\u00a0 il suffit de s\u2019inscrire sur https:\/\/demarches.strasbourg.eu\/proprete\/inscription-alerte-pollution\/<\/p>\n","protected":false},"excerpt":{"rendered":"<p>Le plan d\u2019actions renforc\u00e9es contre la pollution de l\u2019air de l\u2019Eurom\u00e9tropole de Strasbourg d\u00e9clench\u00e9 pour la journ\u00e9e du mardi 19 juillet 2022, est suspendu \u00e0 partir du mercredi 20 juillet. [&hellip;]<\/p>\n","protected":false},"author":7,"featured_media":24471,"comment_status":"closed","ping_status":"open","sticky":false,"template":"","format":"standard","meta":{"footnotes":""},"categories":[10,39],"tags":[],"class_list":["post-25452","post","type-post","status-publish","format-standard","has-post-thumbnail","hentry","category-ecologie","category-transport"],"publishpress_future_action":{"enabled":false,"date":"2026-05-07 06:07:53","action":"category","newStatus":"draft","terms":[],"taxonomy":"category","extraData":[]},"publishpress_future_workflow_manual_trigger":{"enabledWorkflows":[]},"_links":{"self":[{"href":"https:\/\/www.ce-illkirch.fr\/wordpress\/wp-json\/wp\/v2\/posts\/25452","targetHints":{"allow":["GET"]}}],"collection":[{"href":"https:\/\/www.ce-illkirch.fr\/wordpress\/wp-json\/wp\/v2\/posts"}],"about":[{"href":"https:\/\/www.ce-illkirch.fr\/wordpress\/wp-json\/wp\/v2\/types\/post"}],"author":[{"embeddable":true,"href":"https:\/\/www.ce-illkirch.fr\/wordpress\/wp-json\/wp\/v2\/users\/7"}],"replies":[{"embeddable":true,"href":"https:\/\/www.ce-illkirch.fr\/wordpress\/wp-json\/wp\/v2\/comments?post=25452"}],"version-history":[{"count":11,"href":"https:\/\/www.ce-illkirch.fr\/wordpress\/wp-json\/wp\/v2\/posts\/25452\/revisions"}],"predecessor-version":[{"id":37690,"href":"https:\/\/www.ce-illkirch.fr\/wordpress\/wp-json\/wp\/v2\/posts\/25452\/revisions\/37690"}],"wp:featuredmedia":[{"embeddable":true,"href":"https:\/\/www.ce-illkirch.fr\/wordpress\/wp-json\/wp\/v2\/media\/24471"}],"wp:attachment":[{"href":"https:\/\/www.ce-illkirch.fr\/wordpress\/wp-json\/wp\/v2\/media?parent=25452"}],"wp:term":[{"taxonomy":"category","embeddable":true,"href":"https:\/\/www.ce-illkirch.fr\/wordpress\/wp-json\/wp\/v2\/categories?post=25452"},{"taxonomy":"post_tag","embeddable":true,"href":"https:\/\/www.ce-illkirch.fr\/wordpress\/wp-json\/wp\/v2\/tags?post=25452"}],"curies":[{"name":"wp","href":"https:\/\/api.w.org\/{rel}","templated":true}]}}